{"id":3237,"date":"2023-04-06T12:45:15","date_gmt":"2023-04-06T12:45:15","guid":{"rendered":"https:\/\/lluistejeroarquitectos.com\/oficinas-corporativas-curos-s-a\/"},"modified":"2023-10-09T15:37:47","modified_gmt":"2023-10-09T15:37:47","slug":"oficinas-corporativas-curos-s-a","status":"publish","type":"post","link":"https:\/\/lluistejeroarquitectos.com\/en\/oficinas-corporativas-curos-s-a\/","title":{"rendered":"Cur\u00f3s S.A. corporate offices"},"content":{"rendered":"<style>.elementor-3237 .elementor-element.elementor-element-f441dbd{overflow:hidden;margin-top:0px;margin-bottom:0px;padding:50px 0px 0px 0px;z-index:1;transition:all 400ms;}.elementor-3237 .elementor-element.elementor-element-f441dbd a{color:var( --e-global-color-text );}.elementor-3237 .elementor-element.elementor-element-f441dbd a:hover{color:var( --e-global-color-primary );}.elementor-bc-flex-widget .elementor-3237 .elementor-element.elementor-element-b91350b.elementor-column .elementor-widget-wrap{align-items:center;}.elementor-3237 .elementor-element.elementor-element-b91350b.elementor-column.elementor-element[data-element_type=\"column\"] > .elementor-widget-wrap.elementor-element-populated{align-content:center;align-items:center;}.elementor-3237 .elementor-element.elementor-element-b91350b > .elementor-element-populated{padding:0px 100px 0px 100px;}.elementor-3237 .elementor-element.elementor-element-b91350b{transition:all 400ms;}.elementor-3237 .elementor-element.elementor-element-255582d{transition:all 400ms;}.elementor-3237 .elementor-element.elementor-element-18022d0{width:auto;max-width:auto;transition:all 400ms;}.elementor-3237 .elementor-element.elementor-element-18022d0 > .elementor-widget-container{background-color:var( --e-global-color-d59e8a8 );padding:4px 12px 4px 12px;}.elementor-3237 .elementor-element.elementor-element-c4d737f{padding:0px 0px 60px 0px;transition:all 400ms;}.elementor-3237 .elementor-element.elementor-element-1545cd9{transition:all 400ms;}.elementor-3237 .elementor-element.elementor-element-030bbfa{transition:all 400ms;}.elementor-3237 .elementor-element.elementor-element-52c7ac2{transition:all 400ms;}.elementor-bc-flex-widget .elementor-3237 .elementor-element.elementor-element-e4bbf1e.elementor-column .elementor-widget-wrap{align-items:center;}.elementor-3237 .elementor-element.elementor-element-e4bbf1e.elementor-column.elementor-element[data-element_type=\"column\"] > .elementor-widget-wrap.elementor-element-populated{align-content:center;align-items:center;}.elementor-3237 .elementor-element.elementor-element-e4bbf1e.elementor-column > .elementor-widget-wrap{justify-content:center;}.elementor-3237 .elementor-element.elementor-element-e4bbf1e > .elementor-element-populated{margin:0px 0px 0px 0px;--e-column-margin-right:0px;--e-column-margin-left:0px;padding:0px 0px 0px 0px;}.elementor-3237 .elementor-element.elementor-element-e4bbf1e{transition:all 400ms;}.elementor-3237 .elementor-element.elementor-element-94d8ac4 > .elementor-widget-container{padding:0px 0px 0px 0px;}.elementor-3237 .elementor-element.elementor-element-94d8ac4{transition:all 400ms;}.elementor-3237 .elementor-element.elementor-element-94d8ac4 img{width:80%;}.elementor-3237 .elementor-element.elementor-element-97e6c4d{margin-top:0px;margin-bottom:0px;padding:0px 0px 0px 0px;transition:all 400ms;}.elementor-3237 .elementor-element.elementor-element-a9b8801 > .elementor-element-populated{padding:0px 0px 0px 0px;}.elementor-3237 .elementor-element.elementor-element-a9b8801{transition:all 400ms;}.elementor-3237 .elementor-element.elementor-element-0d4dfe6 > .elementor-widget-container{margin:0px 0px -7px 0px;}.elementor-3237 .elementor-element.elementor-element-0d4dfe6{transition:all 400ms;}.elementor-3237 .elementor-element.elementor-element-0d4dfe6 .qodef-qi-swiper-container{height:320px;}.elementor-3237 .elementor-element.elementor-element-0d4dfe6 .qodef-qi-swiper-container .swiper-slide img{height:320px;object-fit:cover;}.elementor-3237 .elementor-element.elementor-element-0d4dfe6 .swiper-button-next{color:var( --e-global-color-primary );font-size:22px;}.elementor-3237 .elementor-element.elementor-element-0d4dfe6 .swiper-button-prev{color:var( --e-global-color-primary );font-size:22px;}@media(max-width:1024px) and (min-width:768px){.elementor-3237 .elementor-element.elementor-element-b91350b{width:50%;}}@media(max-width:1024px){.elementor-3237 .elementor-element.elementor-element-f441dbd{margin-top:0px;margin-bottom:0px;padding:75px 20px 75px 20px;}.elementor-3237 .elementor-element.elementor-element-b91350b > .elementor-widget-wrap > .elementor-widget:not(.elementor-widget__width-auto):not(.elementor-widget__width-initial):not(:last-child):not(.elementor-absolute){margin-block-end:0px;}.elementor-3237 .elementor-element.elementor-element-b91350b > .elementor-element-populated{margin:0px 0px 0px 0px;--e-column-margin-right:0px;--e-column-margin-left:0px;padding:0px 50px 0px 0px;}.elementor-3237 .elementor-element.elementor-element-030bbfa > .elementor-widget-container{padding:0px 0px 0px 0px;}.elementor-3237 .elementor-element.elementor-element-030bbfa{text-align:start;}.elementor-3237 .elementor-element.elementor-element-97e6c4d{margin-top:0px;margin-bottom:0px;padding:0px 0px 0px 0px;}.elementor-3237 .elementor-element.elementor-element-a9b8801 > .elementor-widget-wrap > .elementor-widget:not(.elementor-widget__width-auto):not(.elementor-widget__width-initial):not(:last-child):not(.elementor-absolute){margin-block-end:0px;}.elementor-3237 .elementor-element.elementor-element-a9b8801 > .elementor-element-populated{margin:0px 0px 0px 0px;--e-column-margin-right:0px;--e-column-margin-left:0px;padding:0px 0px 0px 0px;}.elementor-3237 .elementor-element.elementor-element-0d4dfe6 > .elementor-widget-container{margin:0px 0px -7px 0px;}}@media(max-width:767px){.elementor-3237 .elementor-element.elementor-element-f441dbd{padding:50px 20px 50px 20px;}.elementor-3237 .elementor-element.elementor-element-b91350b.elementor-column > .elementor-widget-wrap{justify-content:flex-start;}.elementor-3237 .elementor-element.elementor-element-b91350b > .elementor-element-populated{margin:0px 0px 0px 0px;--e-column-margin-right:0px;--e-column-margin-left:0px;padding:40px 0px 0px 0px;}.elementor-3237 .elementor-element.elementor-element-030bbfa > .elementor-widget-container{padding:0px 0px 0px 0px;}.elementor-3237 .elementor-element.elementor-element-030bbfa{text-align:start;}.elementor-3237 .elementor-element.elementor-element-97e6c4d{padding:0px 0px 0px 0px;}.elementor-3237 .elementor-element.elementor-element-a9b8801.elementor-column > .elementor-widget-wrap{justify-content:flex-start;}.elementor-3237 .elementor-element.elementor-element-a9b8801 > .elementor-element-populated{margin:0px 0px 0px 0px;--e-column-margin-right:0px;--e-column-margin-left:0px;padding:0% 0% 0% 0%;}}\/* Start custom CSS *\/#cont > div {\n    max-height: 300px;\n    overflow: auto;\n}\n#cont table td, #cont table th {\n    background: none;\n    border: none;\n}\/* End custom CSS *\/<\/style>\t\t<div data-elementor-type=\"wp-page\" data-elementor-id=\"3237\" class=\"elementor elementor-3237 elementor-1195\" data-elementor-post-type=\"post\">\n\t\t\t\t\t\t<section class=\"elementor-section elementor-top-section elementor-element elementor-element-f441dbd elementor-section-full_width elementor-reverse-mobile elementor-section-height-default elementor-section-height-default elementor-invisible\" data-id=\"f441dbd\" data-element_type=\"section\" data-settings=\"{&quot;animation&quot;:&quot;fadeIn&quot;}\">\n\t\t\t\t\t\t<div class=\"elementor-container elementor-column-gap-default\">\n\t\t\t\t\t<div class=\"elementor-column elementor-col-50 elementor-top-column elementor-element elementor-element-b91350b\" data-id=\"b91350b\" data-element_type=\"column\">\n\t\t\t<div class=\"elementor-widget-wrap elementor-element-populated\">\n\t\t\t\t\t\t<div class=\"elementor-element elementor-element-255582d de_scroll_animation_no elementor-widget elementor-widget-heading\" data-id=\"255582d\" data-element_type=\"widget\" data-widget_type=\"heading.default\">\n\t\t\t\t<div class=\"elementor-widget-container\">\n\t\t\t\t\t<h2 class=\"elementor-heading-title elementor-size-default\">Cur\u00f3s S.A. corporate offices<\/h2>\t\t\t\t<\/div>\n\t\t\t\t<\/div>\n\t\t\t\t<div class=\"elementor-element elementor-element-18022d0 elementor-widget__width-auto de_scroll_animation_no elementor-invisible elementor-widget elementor-widget-heading\" data-id=\"18022d0\" data-element_type=\"widget\" data-settings=\"{&quot;_animation&quot;:&quot;fadeIn&quot;}\" data-widget_type=\"heading.default\">\n\t\t\t\t<div class=\"elementor-widget-container\">\n\t\t\t\t\t<h6 class=\"elementor-heading-title elementor-size-default\">PROJECT DATA<\/h6>\t\t\t\t<\/div>\n\t\t\t\t<\/div>\n\t\t\t\t<section class=\"elementor-section elementor-inner-section elementor-element elementor-element-c4d737f elementor-section-boxed elementor-section-height-default elementor-section-height-default\" data-id=\"c4d737f\" data-element_type=\"section\">\n\t\t\t\t\t\t<div class=\"elementor-container elementor-column-gap-default\">\n\t\t\t\t\t<div class=\"elementor-column elementor-col-100 elementor-inner-column elementor-element elementor-element-1545cd9\" data-id=\"1545cd9\" data-element_type=\"column\" id=\"cont\">\n\t\t\t<div class=\"elementor-widget-wrap elementor-element-populated\">\n\t\t\t\t\t\t<div class=\"elementor-element elementor-element-030bbfa de_scroll_animation_no elementor-invisible elementor-widget elementor-widget-text-editor\" data-id=\"030bbfa\" data-element_type=\"widget\" data-settings=\"{&quot;_animation&quot;:&quot;fadeIn&quot;}\" data-widget_type=\"text-editor.default\">\n\t\t\t\t<div class=\"elementor-widget-container\">\n\t\t\t\t\t\t\t\t\t<p>The new volume crosses the existing building and remains elevated marking the access. The main fa\u00e7ade has a dynamic design thanks to the inclined lines.<\/p><p>The interior distribution is organized around the vertical core and with glass dividers to achieve an open and bright design.<\/p><p>All floors are connected by an interior patio that at the same time allows natural light to enter the interior of the building. The curtain wall enclosures have been designed to optimize the building&#8217;s energy consumption and take advantage of sunlight.<\/p><p>The solutions applied in the project give the building a corporate and representative character.<\/p>\t\t\t\t\t\t\t\t<\/div>\n\t\t\t\t<\/div>\n\t\t\t\t<div class=\"elementor-element elementor-element-52c7ac2 de_scroll_animation_no elementor-widget elementor-widget-text-editor\" data-id=\"52c7ac2\" data-element_type=\"widget\" data-widget_type=\"text-editor.default\">\n\t\t\t\t<div class=\"elementor-widget-container\">\n\t\t\t\t\t\t\t\t\t<table>\n<tbody>\n<tr>\n<th>Year<\/th>\n<td>2012<\/td>\n<\/tr>\n<tr>\n<th>Place<\/th>\n<td>Barcelona, \u200b\u200bSpain<\/td>\n<\/tr>\n<tr>\n<th>Client<\/th>\n<td>Cur\u00f3s, S.A<\/td>\n<\/tr>\n<tr>\n<th>Surface<\/th>\n<td>723.55m2<\/td>\n<\/tr>\n<tr>\n<th>Realization<\/th>\n<td>Done<\/td>\n<\/tr>\n<tr>\n<th>Price<\/th>\n<td>\u20ac846,831.21<\/td>\n<\/tr>\n<\/tbody>\n<\/table>\t\t\t\t\t\t\t\t<\/div>\n\t\t\t\t<\/div>\n\t\t\t\t\t<\/div>\n\t\t<\/div>\n\t\t\t\t\t<\/div>\n\t\t<\/section>\n\t\t\t\t\t<\/div>\n\t\t<\/div>\n\t\t\t\t<div class=\"elementor-column elementor-col-50 elementor-top-column elementor-element elementor-element-e4bbf1e\" data-id=\"e4bbf1e\" data-element_type=\"column\">\n\t\t\t<div class=\"elementor-widget-wrap elementor-element-populated\">\n\t\t\t\t\t\t<div class=\"elementor-element elementor-element-94d8ac4 de_scroll_animation_no elementor-invisible elementor-widget elementor-widget-image\" data-id=\"94d8ac4\" data-element_type=\"widget\" data-settings=\"{&quot;_animation&quot;:&quot;fadeIn&quot;}\" data-widget_type=\"image.default\">\n\t\t\t\t<div class=\"elementor-widget-container\">\n\t\t\t\t\t\t\t\t\t\t\t\t\t\t\t<img fetchpriority=\"high\" decoding=\"async\" width=\"1496\" height=\"1488\" src=\"https:\/\/lluistejeroarquitectos.com\/wp-content\/uploads\/2023\/04\/1.-PORTADA-18.jpg\" class=\"attachment-full size-full wp-image-2820\" alt=\"1. PORTADA 18\" srcset=\"https:\/\/lluistejeroarquitectos.com\/wp-content\/uploads\/2023\/04\/1.-PORTADA-18.jpg 1496w, https:\/\/lluistejeroarquitectos.com\/wp-content\/uploads\/2023\/04\/1.-PORTADA-18-300x298.jpg 300w, https:\/\/lluistejeroarquitectos.com\/wp-content\/uploads\/2023\/04\/1.-PORTADA-18-1024x1019.jpg 1024w, https:\/\/lluistejeroarquitectos.com\/wp-content\/uploads\/2023\/04\/1.-PORTADA-18-150x150.jpg 150w, https:\/\/lluistejeroarquitectos.com\/wp-content\/uploads\/2023\/04\/1.-PORTADA-18-768x764.jpg 768w\" sizes=\"(max-width: 1496px) 100vw, 1496px\" \/>\t\t\t\t\t\t\t\t\t\t\t\t\t\t\t<\/div>\n\t\t\t\t<\/div>\n\t\t\t\t\t<\/div>\n\t\t<\/div>\n\t\t\t\t\t<\/div>\n\t\t<\/section>\n\t\t\t\t<section class=\"elementor-section elementor-top-section elementor-element elementor-element-97e6c4d elementor-section-full_width elementor-section-height-default elementor-section-height-default elementor-invisible\" data-id=\"97e6c4d\" data-element_type=\"section\" data-settings=\"{&quot;animation&quot;:&quot;fadeIn&quot;}\">\n\t\t\t\t\t\t<div class=\"elementor-container elementor-column-gap-default\">\n\t\t\t\t\t<div class=\"elementor-column elementor-col-100 elementor-top-column elementor-element elementor-element-a9b8801\" data-id=\"a9b8801\" data-element_type=\"column\">\n\t\t\t<div class=\"elementor-widget-wrap elementor-element-populated\">\n\t\t\t\t\t\t<div class=\"elementor-element elementor-element-0d4dfe6 de_scroll_animation_no elementor-invisible elementor-widget elementor-widget-qi_addons_for_elementor_image_slider\" data-id=\"0d4dfe6\" data-element_type=\"widget\" data-settings=\"{&quot;_animation&quot;:&quot;fadeIn&quot;}\" data-widget_type=\"qi_addons_for_elementor_image_slider.default\">\n\t\t\t\t<div class=\"elementor-widget-container\">\n\t\t\t\t\t<div class=\"qodef-shortcode qodef-m qodef-qi-image-slider qodef-qi-fslightbox-popup qodef-popup-gallery qodef-image--hover-zoom qodef-col-num--3 qodef-qi-grid qodef-qi-swiper-container qodef-navigation--inside qodef-navigation--hover-move\" data-options=\"{&quot;direction&quot;:&quot;horizontal&quot;,&quot;slidesPerView&quot;:&quot;3&quot;,&quot;spaceBetween&quot;:0,&quot;spaceBetweenTablet&quot;:&quot;&quot;,&quot;spaceBetweenMobile&quot;:&quot;&quot;,&quot;effect&quot;:&quot;&quot;,&quot;loop&quot;:true,&quot;autoplay&quot;:true,&quot;centeredSlides&quot;:true,&quot;speed&quot;:&quot;&quot;,&quot;speedAnimation&quot;:&quot;&quot;,&quot;outsideNavigation&quot;:&quot;no&quot;,&quot;outsidePagination&quot;:&quot;no&quot;,&quot;unique&quot;:419,&quot;partialValue&quot;:0,&quot;disablePartialValue&quot;:&quot;&quot;,&quot;parallax&quot;:&quot;no&quot;}\">\n\t<div class=\"swiper-wrapper\">\n\t\t<div class=\"qodef-e swiper-slide\">\n\t<div class=\"qodef-e-inner\">\n\t\t<div class=\"qodef-e-inner-holder\">\n\t\t\t\t\t\t\t<a class=\"qodef-popup-item\" itemprop=\"image\" href=\"https:\/\/lluistejeroarquitectos.com\/wp-content\/uploads\/2023\/04\/2.-Exterior.jpg\" data-type=\"image\" data-fslightbox=\"gallery-419\" data-e-disable-page-transition=\u201dtrue\u201d>\n\t\t\t\t\t\t\t<img decoding=\"async\" width=\"2386\" height=\"1740\" src=\"https:\/\/lluistejeroarquitectos.com\/wp-content\/uploads\/2023\/04\/2.-Exterior.jpg\" class=\"attachment-full size-full\" alt=\"2. Exterior\" srcset=\"https:\/\/lluistejeroarquitectos.com\/wp-content\/uploads\/2023\/04\/2.-Exterior.jpg 2386w, https:\/\/lluistejeroarquitectos.com\/wp-content\/uploads\/2023\/04\/2.-Exterior-300x219.jpg 300w, https:\/\/lluistejeroarquitectos.com\/wp-content\/uploads\/2023\/04\/2.-Exterior-1024x747.jpg 1024w, https:\/\/lluistejeroarquitectos.com\/wp-content\/uploads\/2023\/04\/2.-Exterior-768x560.jpg 768w, https:\/\/lluistejeroarquitectos.com\/wp-content\/uploads\/2023\/04\/2.-Exterior-1536x1120.jpg 1536w, https:\/\/lluistejeroarquitectos.com\/wp-content\/uploads\/2023\/04\/2.-Exterior-2048x1494.jpg 2048w\" sizes=\"(max-width: 2386px) 100vw, 2386px\" \/>\t\t\t\t\t\t\t<\/a>\n\t\t\t\t\t<\/div>\n\t<\/div>\n\t\t\t<div class=\"qodef-e-alt-text-holder\">\n\t\t\t<span class=\"qodef-e-alt-text\">2. Exterior<\/span>\n\t\t<\/div>\n\t<\/div>\n<div class=\"qodef-e swiper-slide\">\n\t<div class=\"qodef-e-inner\">\n\t\t<div class=\"qodef-e-inner-holder\">\n\t\t\t\t\t\t\t<a class=\"qodef-popup-item\" itemprop=\"image\" href=\"https:\/\/lluistejeroarquitectos.com\/wp-content\/uploads\/2023\/04\/3.-Interior-Claraboya-scaled.jpg\" data-type=\"image\" data-fslightbox=\"gallery-419\" data-e-disable-page-transition=\u201dtrue\u201d>\n\t\t\t\t\t\t\t<img decoding=\"async\" width=\"2560\" height=\"840\" src=\"https:\/\/lluistejeroarquitectos.com\/wp-content\/uploads\/2023\/04\/3.-Interior-Claraboya-scaled.jpg\" class=\"attachment-full size-full\" alt=\"3. Interior Claraboya scaled\" srcset=\"https:\/\/lluistejeroarquitectos.com\/wp-content\/uploads\/2023\/04\/3.-Interior-Claraboya-scaled.jpg 2560w, https:\/\/lluistejeroarquitectos.com\/wp-content\/uploads\/2023\/04\/3.-Interior-Claraboya-300x98.jpg 300w, https:\/\/lluistejeroarquitectos.com\/wp-content\/uploads\/2023\/04\/3.-Interior-Claraboya-1024x336.jpg 1024w, https:\/\/lluistejeroarquitectos.com\/wp-content\/uploads\/2023\/04\/3.-Interior-Claraboya-768x252.jpg 768w, https:\/\/lluistejeroarquitectos.com\/wp-content\/uploads\/2023\/04\/3.-Interior-Claraboya-1536x504.jpg 1536w, https:\/\/lluistejeroarquitectos.com\/wp-content\/uploads\/2023\/04\/3.-Interior-Claraboya-2048x672.jpg 2048w\" sizes=\"(max-width: 2560px) 100vw, 2560px\" \/>\t\t\t\t\t\t\t<\/a>\n\t\t\t\t\t<\/div>\n\t<\/div>\n\t\t\t<div class=\"qodef-e-alt-text-holder\">\n\t\t\t<span class=\"qodef-e-alt-text\">3. Interior Claraboya scaled<\/span>\n\t\t<\/div>\n\t<\/div>\n<div class=\"qodef-e swiper-slide\">\n\t<div class=\"qodef-e-inner\">\n\t\t<div class=\"qodef-e-inner-holder\">\n\t\t\t\t\t\t\t<a class=\"qodef-popup-item\" itemprop=\"image\" href=\"https:\/\/lluistejeroarquitectos.com\/wp-content\/uploads\/2023\/04\/4.-Exterior-Terraza.jpg\" data-type=\"image\" data-fslightbox=\"gallery-419\" data-e-disable-page-transition=\u201dtrue\u201d>\n\t\t\t\t\t\t\t<img loading=\"lazy\" decoding=\"async\" width=\"1920\" height=\"2560\" src=\"https:\/\/lluistejeroarquitectos.com\/wp-content\/uploads\/2023\/04\/4.-Exterior-Terraza.jpg\" class=\"attachment-full size-full\" alt=\"4. Exterior Terraza\" srcset=\"https:\/\/lluistejeroarquitectos.com\/wp-content\/uploads\/2023\/04\/4.-Exterior-Terraza.jpg 1920w, https:\/\/lluistejeroarquitectos.com\/wp-content\/uploads\/2023\/04\/4.-Exterior-Terraza-225x300.jpg 225w, https:\/\/lluistejeroarquitectos.com\/wp-content\/uploads\/2023\/04\/4.-Exterior-Terraza-768x1024.jpg 768w, https:\/\/lluistejeroarquitectos.com\/wp-content\/uploads\/2023\/04\/4.-Exterior-Terraza-1152x1536.jpg 1152w, https:\/\/lluistejeroarquitectos.com\/wp-content\/uploads\/2023\/04\/4.-Exterior-Terraza-1536x2048.jpg 1536w\" sizes=\"(max-width: 1920px) 100vw, 1920px\" \/>\t\t\t\t\t\t\t<\/a>\n\t\t\t\t\t<\/div>\n\t<\/div>\n\t\t\t<div class=\"qodef-e-alt-text-holder\">\n\t\t\t<span class=\"qodef-e-alt-text\">4. Exterior Terraza<\/span>\n\t\t<\/div>\n\t<\/div>\n<div class=\"qodef-e swiper-slide\">\n\t<div class=\"qodef-e-inner\">\n\t\t<div class=\"qodef-e-inner-holder\">\n\t\t\t\t\t\t\t<a class=\"qodef-popup-item\" itemprop=\"image\" href=\"https:\/\/lluistejeroarquitectos.com\/wp-content\/uploads\/2023\/04\/5.-Interior-Escalera-Patio.jpg\" data-type=\"image\" data-fslightbox=\"gallery-419\" data-e-disable-page-transition=\u201dtrue\u201d>\n\t\t\t\t\t\t\t<img loading=\"lazy\" decoding=\"async\" width=\"1920\" height=\"2560\" src=\"https:\/\/lluistejeroarquitectos.com\/wp-content\/uploads\/2023\/04\/5.-Interior-Escalera-Patio.jpg\" class=\"attachment-full size-full\" alt=\"5. Interior Escalera Patio\" srcset=\"https:\/\/lluistejeroarquitectos.com\/wp-content\/uploads\/2023\/04\/5.-Interior-Escalera-Patio.jpg 1920w, https:\/\/lluistejeroarquitectos.com\/wp-content\/uploads\/2023\/04\/5.-Interior-Escalera-Patio-225x300.jpg 225w, https:\/\/lluistejeroarquitectos.com\/wp-content\/uploads\/2023\/04\/5.-Interior-Escalera-Patio-768x1024.jpg 768w, https:\/\/lluistejeroarquitectos.com\/wp-content\/uploads\/2023\/04\/5.-Interior-Escalera-Patio-1152x1536.jpg 1152w, https:\/\/lluistejeroarquitectos.com\/wp-content\/uploads\/2023\/04\/5.-Interior-Escalera-Patio-1536x2048.jpg 1536w\" sizes=\"(max-width: 1920px) 100vw, 1920px\" \/>\t\t\t\t\t\t\t<\/a>\n\t\t\t\t\t<\/div>\n\t<\/div>\n\t\t\t<div class=\"qodef-e-alt-text-holder\">\n\t\t\t<span class=\"qodef-e-alt-text\">5. Interior Escalera Patio<\/span>\n\t\t<\/div>\n\t<\/div>\n<div class=\"qodef-e swiper-slide\">\n\t<div class=\"qodef-e-inner\">\n\t\t<div class=\"qodef-e-inner-holder\">\n\t\t\t\t\t\t\t<a class=\"qodef-popup-item\" itemprop=\"image\" href=\"https:\/\/lluistejeroarquitectos.com\/wp-content\/uploads\/2023\/04\/6.-Interior-Acceso-Planta-2-scaled.jpg\" data-type=\"image\" data-fslightbox=\"gallery-419\" data-e-disable-page-transition=\u201dtrue\u201d>\n\t\t\t\t\t\t\t<img loading=\"lazy\" decoding=\"async\" width=\"1702\" height=\"2560\" src=\"https:\/\/lluistejeroarquitectos.com\/wp-content\/uploads\/2023\/04\/6.-Interior-Acceso-Planta-2-scaled.jpg\" class=\"attachment-full size-full\" alt=\"6. Interior Acceso Planta 2 scaled\" srcset=\"https:\/\/lluistejeroarquitectos.com\/wp-content\/uploads\/2023\/04\/6.-Interior-Acceso-Planta-2-scaled.jpg 1702w, https:\/\/lluistejeroarquitectos.com\/wp-content\/uploads\/2023\/04\/6.-Interior-Acceso-Planta-2-199x300.jpg 199w, https:\/\/lluistejeroarquitectos.com\/wp-content\/uploads\/2023\/04\/6.-Interior-Acceso-Planta-2-681x1024.jpg 681w, https:\/\/lluistejeroarquitectos.com\/wp-content\/uploads\/2023\/04\/6.-Interior-Acceso-Planta-2-768x1155.jpg 768w, https:\/\/lluistejeroarquitectos.com\/wp-content\/uploads\/2023\/04\/6.-Interior-Acceso-Planta-2-1021x1536.jpg 1021w, https:\/\/lluistejeroarquitectos.com\/wp-content\/uploads\/2023\/04\/6.-Interior-Acceso-Planta-2-1362x2048.jpg 1362w\" sizes=\"(max-width: 1702px) 100vw, 1702px\" \/>\t\t\t\t\t\t\t<\/a>\n\t\t\t\t\t<\/div>\n\t<\/div>\n\t\t\t<div class=\"qodef-e-alt-text-holder\">\n\t\t\t<span class=\"qodef-e-alt-text\">6. Interior Acceso Planta 2 scaled<\/span>\n\t\t<\/div>\n\t<\/div>\n<div class=\"qodef-e swiper-slide\">\n\t<div class=\"qodef-e-inner\">\n\t\t<div class=\"qodef-e-inner-holder\">\n\t\t\t\t\t\t\t<a class=\"qodef-popup-item\" itemprop=\"image\" href=\"https:\/\/lluistejeroarquitectos.com\/wp-content\/uploads\/2023\/04\/7-1.jpg\" data-type=\"image\" data-fslightbox=\"gallery-419\" data-e-disable-page-transition=\u201dtrue\u201d>\n\t\t\t\t\t\t\t<img loading=\"lazy\" decoding=\"async\" width=\"1150\" height=\"1032\" src=\"https:\/\/lluistejeroarquitectos.com\/wp-content\/uploads\/2023\/04\/7-1.jpg\" class=\"attachment-full size-full\" alt=\"7 1\" srcset=\"https:\/\/lluistejeroarquitectos.com\/wp-content\/uploads\/2023\/04\/7-1.jpg 1150w, https:\/\/lluistejeroarquitectos.com\/wp-content\/uploads\/2023\/04\/7-1-300x269.jpg 300w, https:\/\/lluistejeroarquitectos.com\/wp-content\/uploads\/2023\/04\/7-1-1024x919.jpg 1024w, https:\/\/lluistejeroarquitectos.com\/wp-content\/uploads\/2023\/04\/7-1-768x689.jpg 768w\" sizes=\"(max-width: 1150px) 100vw, 1150px\" \/>\t\t\t\t\t\t\t<\/a>\n\t\t\t\t\t<\/div>\n\t<\/div>\n\t\t\t<div class=\"qodef-e-alt-text-holder\">\n\t\t\t<span class=\"qodef-e-alt-text\">7 1<\/span>\n\t\t<\/div>\n\t<\/div>\n<div class=\"qodef-e swiper-slide\">\n\t<div class=\"qodef-e-inner\">\n\t\t<div class=\"qodef-e-inner-holder\">\n\t\t\t\t\t\t\t<a class=\"qodef-popup-item\" itemprop=\"image\" href=\"https:\/\/lluistejeroarquitectos.com\/wp-content\/uploads\/2023\/04\/8-1.jpg\" data-type=\"image\" data-fslightbox=\"gallery-419\" data-e-disable-page-transition=\u201dtrue\u201d>\n\t\t\t\t\t\t\t<img loading=\"lazy\" decoding=\"async\" width=\"1150\" height=\"1032\" src=\"https:\/\/lluistejeroarquitectos.com\/wp-content\/uploads\/2023\/04\/8-1.jpg\" class=\"attachment-full size-full\" alt=\"8 1\" srcset=\"https:\/\/lluistejeroarquitectos.com\/wp-content\/uploads\/2023\/04\/8-1.jpg 1150w, https:\/\/lluistejeroarquitectos.com\/wp-content\/uploads\/2023\/04\/8-1-300x269.jpg 300w, https:\/\/lluistejeroarquitectos.com\/wp-content\/uploads\/2023\/04\/8-1-1024x919.jpg 1024w, https:\/\/lluistejeroarquitectos.com\/wp-content\/uploads\/2023\/04\/8-1-768x689.jpg 768w\" sizes=\"(max-width: 1150px) 100vw, 1150px\" \/>\t\t\t\t\t\t\t<\/a>\n\t\t\t\t\t<\/div>\n\t<\/div>\n\t\t\t<div class=\"qodef-e-alt-text-holder\">\n\t\t\t<span class=\"qodef-e-alt-text\">8 1<\/span>\n\t\t<\/div>\n\t<\/div>\n<div class=\"qodef-e swiper-slide\">\n\t<div class=\"qodef-e-inner\">\n\t\t<div class=\"qodef-e-inner-holder\">\n\t\t\t\t\t\t\t<a class=\"qodef-popup-item\" itemprop=\"image\" href=\"https:\/\/lluistejeroarquitectos.com\/wp-content\/uploads\/2023\/04\/9.-Formacion-del-volumen-scaled.jpg\" data-type=\"image\" data-fslightbox=\"gallery-419\" data-e-disable-page-transition=\u201dtrue\u201d>\n\t\t\t\t\t\t\t<img loading=\"lazy\" decoding=\"async\" width=\"2560\" height=\"1451\" src=\"https:\/\/lluistejeroarquitectos.com\/wp-content\/uploads\/2023\/04\/9.-Formacion-del-volumen-scaled.jpg\" class=\"attachment-full size-full\" alt=\"9. Formacion del volumen scaled\" srcset=\"https:\/\/lluistejeroarquitectos.com\/wp-content\/uploads\/2023\/04\/9.-Formacion-del-volumen-scaled.jpg 2560w, https:\/\/lluistejeroarquitectos.com\/wp-content\/uploads\/2023\/04\/9.-Formacion-del-volumen-300x170.jpg 300w, https:\/\/lluistejeroarquitectos.com\/wp-content\/uploads\/2023\/04\/9.-Formacion-del-volumen-1024x580.jpg 1024w, https:\/\/lluistejeroarquitectos.com\/wp-content\/uploads\/2023\/04\/9.-Formacion-del-volumen-768x435.jpg 768w, https:\/\/lluistejeroarquitectos.com\/wp-content\/uploads\/2023\/04\/9.-Formacion-del-volumen-1536x870.jpg 1536w, https:\/\/lluistejeroarquitectos.com\/wp-content\/uploads\/2023\/04\/9.-Formacion-del-volumen-2048x1161.jpg 2048w\" sizes=\"(max-width: 2560px) 100vw, 2560px\" \/>\t\t\t\t\t\t\t<\/a>\n\t\t\t\t\t<\/div>\n\t<\/div>\n\t\t\t<div class=\"qodef-e-alt-text-holder\">\n\t\t\t<span class=\"qodef-e-alt-text\">9. Formacion del volumen scaled<\/span>\n\t\t<\/div>\n\t<\/div>\n<div class=\"qodef-e swiper-slide\">\n\t<div class=\"qodef-e-inner\">\n\t\t<div class=\"qodef-e-inner-holder\">\n\t\t\t\t\t\t\t<a class=\"qodef-popup-item\" itemprop=\"image\" href=\"https:\/\/lluistejeroarquitectos.com\/wp-content\/uploads\/2023\/04\/Planta-Baja-scaled.jpg\" data-type=\"image\" data-fslightbox=\"gallery-419\" data-e-disable-page-transition=\u201dtrue\u201d>\n\t\t\t\t\t\t\t<img loading=\"lazy\" decoding=\"async\" width=\"2380\" height=\"2560\" src=\"https:\/\/lluistejeroarquitectos.com\/wp-content\/uploads\/2023\/04\/Planta-Baja-scaled.jpg\" class=\"attachment-full size-full\" alt=\"Planta Baja scaled\" srcset=\"https:\/\/lluistejeroarquitectos.com\/wp-content\/uploads\/2023\/04\/Planta-Baja-scaled.jpg 2380w, https:\/\/lluistejeroarquitectos.com\/wp-content\/uploads\/2023\/04\/Planta-Baja-279x300.jpg 279w, https:\/\/lluistejeroarquitectos.com\/wp-content\/uploads\/2023\/04\/Planta-Baja-952x1024.jpg 952w, https:\/\/lluistejeroarquitectos.com\/wp-content\/uploads\/2023\/04\/Planta-Baja-768x826.jpg 768w, https:\/\/lluistejeroarquitectos.com\/wp-content\/uploads\/2023\/04\/Planta-Baja-1428x1536.jpg 1428w, https:\/\/lluistejeroarquitectos.com\/wp-content\/uploads\/2023\/04\/Planta-Baja-1904x2048.jpg 1904w\" sizes=\"(max-width: 2380px) 100vw, 2380px\" \/>\t\t\t\t\t\t\t<\/a>\n\t\t\t\t\t<\/div>\n\t<\/div>\n\t\t\t<div class=\"qodef-e-alt-text-holder\">\n\t\t\t<span class=\"qodef-e-alt-text\">Planta Baja scaled<\/span>\n\t\t<\/div>\n\t<\/div>\n<div class=\"qodef-e swiper-slide\">\n\t<div class=\"qodef-e-inner\">\n\t\t<div class=\"qodef-e-inner-holder\">\n\t\t\t\t\t\t\t<a class=\"qodef-popup-item\" itemprop=\"image\" href=\"https:\/\/lluistejeroarquitectos.com\/wp-content\/uploads\/2023\/04\/Planta-Primera.jpg\" data-type=\"image\" data-fslightbox=\"gallery-419\" data-e-disable-page-transition=\u201dtrue\u201d>\n\t\t\t\t\t\t\t<img loading=\"lazy\" decoding=\"async\" width=\"1140\" height=\"762\" src=\"https:\/\/lluistejeroarquitectos.com\/wp-content\/uploads\/2023\/04\/Planta-Primera.jpg\" class=\"attachment-full size-full\" alt=\"Planta Primera\" srcset=\"https:\/\/lluistejeroarquitectos.com\/wp-content\/uploads\/2023\/04\/Planta-Primera.jpg 1140w, https:\/\/lluistejeroarquitectos.com\/wp-content\/uploads\/2023\/04\/Planta-Primera-300x201.jpg 300w, https:\/\/lluistejeroarquitectos.com\/wp-content\/uploads\/2023\/04\/Planta-Primera-1024x684.jpg 1024w, https:\/\/lluistejeroarquitectos.com\/wp-content\/uploads\/2023\/04\/Planta-Primera-768x513.jpg 768w\" sizes=\"(max-width: 1140px) 100vw, 1140px\" \/>\t\t\t\t\t\t\t<\/a>\n\t\t\t\t\t<\/div>\n\t<\/div>\n\t\t\t<div class=\"qodef-e-alt-text-holder\">\n\t\t\t<span class=\"qodef-e-alt-text\">Planta Primera<\/span>\n\t\t<\/div>\n\t<\/div>\n<div class=\"qodef-e swiper-slide\">\n\t<div class=\"qodef-e-inner\">\n\t\t<div class=\"qodef-e-inner-holder\">\n\t\t\t\t\t\t\t<a class=\"qodef-popup-item\" itemprop=\"image\" href=\"https:\/\/lluistejeroarquitectos.com\/wp-content\/uploads\/2023\/04\/Planta-Segunda.jpg\" data-type=\"image\" data-fslightbox=\"gallery-419\" data-e-disable-page-transition=\u201dtrue\u201d>\n\t\t\t\t\t\t\t<img loading=\"lazy\" decoding=\"async\" width=\"1140\" height=\"792\" src=\"https:\/\/lluistejeroarquitectos.com\/wp-content\/uploads\/2023\/04\/Planta-Segunda.jpg\" class=\"attachment-full size-full\" alt=\"Planta Segunda\" srcset=\"https:\/\/lluistejeroarquitectos.com\/wp-content\/uploads\/2023\/04\/Planta-Segunda.jpg 1140w, https:\/\/lluistejeroarquitectos.com\/wp-content\/uploads\/2023\/04\/Planta-Segunda-300x208.jpg 300w, https:\/\/lluistejeroarquitectos.com\/wp-content\/uploads\/2023\/04\/Planta-Segunda-1024x711.jpg 1024w, https:\/\/lluistejeroarquitectos.com\/wp-content\/uploads\/2023\/04\/Planta-Segunda-768x534.jpg 768w\" sizes=\"(max-width: 1140px) 100vw, 1140px\" \/>\t\t\t\t\t\t\t<\/a>\n\t\t\t\t\t<\/div>\n\t<\/div>\n\t\t\t<div class=\"qodef-e-alt-text-holder\">\n\t\t\t<span class=\"qodef-e-alt-text\">Planta Segunda<\/span>\n\t\t<\/div>\n\t<\/div>\n\t<\/div>\n\t\t<div class=\"swiper-button-prev\"><svg class=\"qodef-swiper-arrow-left\" xmlns=\"http:\/\/www.w3.org\/2000\/svg\" x=\"0px\" y=\"0px\" viewBox=\"0 0 34.2 32.3\" xml:space=\"preserve\" style=\"stroke-width: 2;\"><line x1=\"0.5\" y1=\"16\" x2=\"33.5\" y2=\"16\"\/><line x1=\"0.3\" y1=\"16.5\" x2=\"16.2\" y2=\"0.7\"\/><line x1=\"0\" y1=\"15.4\" x2=\"16.2\" y2=\"31.6\"\/><\/svg><\/div>\n\t<div class=\"swiper-button-next\"><svg class=\"qodef-swiper-arrow-right\" xmlns=\"http:\/\/www.w3.org\/2000\/svg\" x=\"0px\" y=\"0px\" viewBox=\"0 0 34.2 32.3\" xml:space=\"preserve\" style=\"stroke-width: 2;\"><line x1=\"0\" y1=\"16\" x2=\"33\" y2=\"16\"\/><line x1=\"17.3\" y1=\"0.7\" x2=\"33.2\" y2=\"16.5\"\/><line x1=\"17.3\" y1=\"31.6\" x2=\"33.5\" y2=\"15.4\"\/><\/svg><\/div>\n<\/div>\n\t\t\t\t<\/div>\n\t\t\t\t<\/div>\n\t\t\t\t\t<\/div>\n\t\t<\/div>\n\t\t\t\t\t<\/div>\n\t\t<\/section>\n\t\t\t\t<\/div>\n\t\t","protected":false},"excerpt":{"rendered":"<p>Barcelona, Espa\u00f1a<\/p>\n","protected":false},"author":1,"featured_media":2820,"comment_status":"closed","ping_status":"closed","sticky":false,"template":"","format":"standard","meta":{"footnotes":""},"categories":[44],"tags":[],"class_list":["post-3237","post","type-post","status-publish","format-standard","has-post-thumbnail","hentry","category-corporate"],"yoast_head":"<!-- This site is optimized with the Yoast SEO plugin v26.8 - https:\/\/yoast.com\/product\/yoast-seo-wordpress\/ -->\n<title>Cur\u00f3s S.A. corporate offices - Llu\u00eds Tejero Arquitectes<\/title>\n<meta name=\"robots\" content=\"index, follow, max-snippet:-1, max-image-preview:large, max-video-preview:-1\" \/>\n<link rel=\"canonical\" href=\"https:\/\/lluistejeroarquitectos.com\/oficinas-corporativas-curos-s-a\/\" \/>\n<meta property=\"og:locale\" content=\"en_US\" \/>\n<meta property=\"og:type\" content=\"article\" \/>\n<meta property=\"og:title\" content=\"Cur\u00f3s S.A. corporate offices - Llu\u00eds Tejero Arquitectes\" \/>\n<meta property=\"og:description\" content=\"Barcelona, Espa\u00f1a\" \/>\n<meta property=\"og:url\" content=\"https:\/\/lluistejeroarquitectos.com\/oficinas-corporativas-curos-s-a\/\" \/>\n<meta property=\"og:site_name\" content=\"Llu\u00eds Tejero Arquitectes\" \/>\n<meta property=\"article:published_time\" content=\"2023-04-06T12:45:15+00:00\" \/>\n<meta property=\"article:modified_time\" content=\"2023-10-09T15:37:47+00:00\" \/>\n<meta property=\"og:image\" content=\"https:\/\/lluistejeroarquitectos.com\/wp-content\/uploads\/2023\/04\/1.-PORTADA-18.jpg\" \/>\n\t<meta property=\"og:image:width\" content=\"1496\" \/>\n\t<meta property=\"og:image:height\" content=\"1488\" \/>\n\t<meta property=\"og:image:type\" content=\"image\/jpeg\" \/>\n<meta name=\"author\" content=\"xcom\" \/>\n<meta name=\"twitter:card\" content=\"summary_large_image\" \/>\n<meta name=\"twitter:label1\" content=\"Written by\" \/>\n\t<meta name=\"twitter:data1\" content=\"xcom\" \/>\n\t<meta name=\"twitter:label2\" content=\"Est. reading time\" \/>\n\t<meta name=\"twitter:data2\" content=\"1 minute\" \/>\n<script type=\"application\/ld+json\" class=\"yoast-schema-graph\">{\"@context\":\"https:\/\/schema.org\",\"@graph\":[{\"@type\":\"Article\",\"@id\":\"https:\/\/lluistejeroarquitectos.com\/oficinas-corporativas-curos-s-a\/#article\",\"isPartOf\":{\"@id\":\"https:\/\/lluistejeroarquitectos.com\/oficinas-corporativas-curos-s-a\/\"},\"author\":{\"name\":\"xcom\",\"@id\":\"https:\/\/lluistejeroarquitectos.com\/#\/schema\/person\/fd77e4bebe04b252768398f89cab7505\"},\"headline\":\"Cur\u00f3s S.A. corporate offices\",\"datePublished\":\"2023-04-06T12:45:15+00:00\",\"dateModified\":\"2023-10-09T15:37:47+00:00\",\"mainEntityOfPage\":{\"@id\":\"https:\/\/lluistejeroarquitectos.com\/oficinas-corporativas-curos-s-a\/\"},\"wordCount\":129,\"image\":{\"@id\":\"https:\/\/lluistejeroarquitectos.com\/oficinas-corporativas-curos-s-a\/#primaryimage\"},\"thumbnailUrl\":\"https:\/\/lluistejeroarquitectos.com\/wp-content\/uploads\/2023\/04\/1.-PORTADA-18.jpg\",\"articleSection\":[\"Corporate\"],\"inLanguage\":\"en-US\"},{\"@type\":\"WebPage\",\"@id\":\"https:\/\/lluistejeroarquitectos.com\/oficinas-corporativas-curos-s-a\/\",\"url\":\"https:\/\/lluistejeroarquitectos.com\/oficinas-corporativas-curos-s-a\/\",\"name\":\"Cur\u00f3s S.A. corporate offices - Llu\u00eds Tejero Arquitectes\",\"isPartOf\":{\"@id\":\"https:\/\/lluistejeroarquitectos.com\/#website\"},\"primaryImageOfPage\":{\"@id\":\"https:\/\/lluistejeroarquitectos.com\/oficinas-corporativas-curos-s-a\/#primaryimage\"},\"image\":{\"@id\":\"https:\/\/lluistejeroarquitectos.com\/oficinas-corporativas-curos-s-a\/#primaryimage\"},\"thumbnailUrl\":\"https:\/\/lluistejeroarquitectos.com\/wp-content\/uploads\/2023\/04\/1.-PORTADA-18.jpg\",\"datePublished\":\"2023-04-06T12:45:15+00:00\",\"dateModified\":\"2023-10-09T15:37:47+00:00\",\"author\":{\"@id\":\"https:\/\/lluistejeroarquitectos.com\/#\/schema\/person\/fd77e4bebe04b252768398f89cab7505\"},\"breadcrumb\":{\"@id\":\"https:\/\/lluistejeroarquitectos.com\/oficinas-corporativas-curos-s-a\/#breadcrumb\"},\"inLanguage\":\"en-US\",\"potentialAction\":[{\"@type\":\"ReadAction\",\"target\":[\"https:\/\/lluistejeroarquitectos.com\/oficinas-corporativas-curos-s-a\/\"]}]},{\"@type\":\"ImageObject\",\"inLanguage\":\"en-US\",\"@id\":\"https:\/\/lluistejeroarquitectos.com\/oficinas-corporativas-curos-s-a\/#primaryimage\",\"url\":\"https:\/\/lluistejeroarquitectos.com\/wp-content\/uploads\/2023\/04\/1.-PORTADA-18.jpg\",\"contentUrl\":\"https:\/\/lluistejeroarquitectos.com\/wp-content\/uploads\/2023\/04\/1.-PORTADA-18.jpg\",\"width\":1496,\"height\":1488,\"caption\":\"1. PORTADA 18\"},{\"@type\":\"BreadcrumbList\",\"@id\":\"https:\/\/lluistejeroarquitectos.com\/oficinas-corporativas-curos-s-a\/#breadcrumb\",\"itemListElement\":[{\"@type\":\"ListItem\",\"position\":1,\"name\":\"Portada\",\"item\":\"https:\/\/lluistejeroarquitectos.com\/\"},{\"@type\":\"ListItem\",\"position\":2,\"name\":\"Cur\u00f3s S.A. corporate offices\"}]},{\"@type\":\"WebSite\",\"@id\":\"https:\/\/lluistejeroarquitectos.com\/#website\",\"url\":\"https:\/\/lluistejeroarquitectos.com\/\",\"name\":\"Llu\u00eds Tejero Arquitectes\",\"description\":\"\",\"potentialAction\":[{\"@type\":\"SearchAction\",\"target\":{\"@type\":\"EntryPoint\",\"urlTemplate\":\"https:\/\/lluistejeroarquitectos.com\/?s={search_term_string}\"},\"query-input\":{\"@type\":\"PropertyValueSpecification\",\"valueRequired\":true,\"valueName\":\"search_term_string\"}}],\"inLanguage\":\"en-US\"},{\"@type\":\"Person\",\"@id\":\"https:\/\/lluistejeroarquitectos.com\/#\/schema\/person\/fd77e4bebe04b252768398f89cab7505\",\"name\":\"xcom\",\"image\":{\"@type\":\"ImageObject\",\"inLanguage\":\"en-US\",\"@id\":\"https:\/\/lluistejeroarquitectos.com\/#\/schema\/person\/image\/\",\"url\":\"https:\/\/secure.gravatar.com\/avatar\/e0dc342d1b47a6b891bce148180182d55c50f08912307da1c59951a0c787350d?s=96&d=mm&r=g\",\"contentUrl\":\"https:\/\/secure.gravatar.com\/avatar\/e0dc342d1b47a6b891bce148180182d55c50f08912307da1c59951a0c787350d?s=96&d=mm&r=g\",\"caption\":\"xcom\"},\"sameAs\":[\"http:\/\/lluistejeroarquitectos.com\"],\"url\":\"https:\/\/lluistejeroarquitectos.com\/en\/author\/xcom\/\"}]}<\/script>\n<!-- \/ Yoast SEO plugin. -->","yoast_head_json":{"title":"Cur\u00f3s S.A. corporate offices - Llu\u00eds Tejero Arquitectes","robots":{"index":"index","follow":"follow","max-snippet":"max-snippet:-1","max-image-preview":"max-image-preview:large","max-video-preview":"max-video-preview:-1"},"canonical":"https:\/\/lluistejeroarquitectos.com\/oficinas-corporativas-curos-s-a\/","og_locale":"en_US","og_type":"article","og_title":"Cur\u00f3s S.A. corporate offices - Llu\u00eds Tejero Arquitectes","og_description":"Barcelona, Espa\u00f1a","og_url":"https:\/\/lluistejeroarquitectos.com\/oficinas-corporativas-curos-s-a\/","og_site_name":"Llu\u00eds Tejero Arquitectes","article_published_time":"2023-04-06T12:45:15+00:00","article_modified_time":"2023-10-09T15:37:47+00:00","og_image":[{"width":1496,"height":1488,"url":"https:\/\/lluistejeroarquitectos.com\/wp-content\/uploads\/2023\/04\/1.-PORTADA-18.jpg","type":"image\/jpeg"}],"author":"xcom","twitter_card":"summary_large_image","twitter_misc":{"Written by":"xcom","Est. reading time":"1 minute"},"schema":{"@context":"https:\/\/schema.org","@graph":[{"@type":"Article","@id":"https:\/\/lluistejeroarquitectos.com\/oficinas-corporativas-curos-s-a\/#article","isPartOf":{"@id":"https:\/\/lluistejeroarquitectos.com\/oficinas-corporativas-curos-s-a\/"},"author":{"name":"xcom","@id":"https:\/\/lluistejeroarquitectos.com\/#\/schema\/person\/fd77e4bebe04b252768398f89cab7505"},"headline":"Cur\u00f3s S.A. corporate offices","datePublished":"2023-04-06T12:45:15+00:00","dateModified":"2023-10-09T15:37:47+00:00","mainEntityOfPage":{"@id":"https:\/\/lluistejeroarquitectos.com\/oficinas-corporativas-curos-s-a\/"},"wordCount":129,"image":{"@id":"https:\/\/lluistejeroarquitectos.com\/oficinas-corporativas-curos-s-a\/#primaryimage"},"thumbnailUrl":"https:\/\/lluistejeroarquitectos.com\/wp-content\/uploads\/2023\/04\/1.-PORTADA-18.jpg","articleSection":["Corporate"],"inLanguage":"en-US"},{"@type":"WebPage","@id":"https:\/\/lluistejeroarquitectos.com\/oficinas-corporativas-curos-s-a\/","url":"https:\/\/lluistejeroarquitectos.com\/oficinas-corporativas-curos-s-a\/","name":"Cur\u00f3s S.A. corporate offices - Llu\u00eds Tejero Arquitectes","isPartOf":{"@id":"https:\/\/lluistejeroarquitectos.com\/#website"},"primaryImageOfPage":{"@id":"https:\/\/lluistejeroarquitectos.com\/oficinas-corporativas-curos-s-a\/#primaryimage"},"image":{"@id":"https:\/\/lluistejeroarquitectos.com\/oficinas-corporativas-curos-s-a\/#primaryimage"},"thumbnailUrl":"https:\/\/lluistejeroarquitectos.com\/wp-content\/uploads\/2023\/04\/1.-PORTADA-18.jpg","datePublished":"2023-04-06T12:45:15+00:00","dateModified":"2023-10-09T15:37:47+00:00","author":{"@id":"https:\/\/lluistejeroarquitectos.com\/#\/schema\/person\/fd77e4bebe04b252768398f89cab7505"},"breadcrumb":{"@id":"https:\/\/lluistejeroarquitectos.com\/oficinas-corporativas-curos-s-a\/#breadcrumb"},"inLanguage":"en-US","potentialAction":[{"@type":"ReadAction","target":["https:\/\/lluistejeroarquitectos.com\/oficinas-corporativas-curos-s-a\/"]}]},{"@type":"ImageObject","inLanguage":"en-US","@id":"https:\/\/lluistejeroarquitectos.com\/oficinas-corporativas-curos-s-a\/#primaryimage","url":"https:\/\/lluistejeroarquitectos.com\/wp-content\/uploads\/2023\/04\/1.-PORTADA-18.jpg","contentUrl":"https:\/\/lluistejeroarquitectos.com\/wp-content\/uploads\/2023\/04\/1.-PORTADA-18.jpg","width":1496,"height":1488,"caption":"1. PORTADA 18"},{"@type":"BreadcrumbList","@id":"https:\/\/lluistejeroarquitectos.com\/oficinas-corporativas-curos-s-a\/#breadcrumb","itemListElement":[{"@type":"ListItem","position":1,"name":"Portada","item":"https:\/\/lluistejeroarquitectos.com\/"},{"@type":"ListItem","position":2,"name":"Cur\u00f3s S.A. corporate offices"}]},{"@type":"WebSite","@id":"https:\/\/lluistejeroarquitectos.com\/#website","url":"https:\/\/lluistejeroarquitectos.com\/","name":"Llu\u00eds Tejero Arquitectes","description":"","potentialAction":[{"@type":"SearchAction","target":{"@type":"EntryPoint","urlTemplate":"https:\/\/lluistejeroarquitectos.com\/?s={search_term_string}"},"query-input":{"@type":"PropertyValueSpecification","valueRequired":true,"valueName":"search_term_string"}}],"inLanguage":"en-US"},{"@type":"Person","@id":"https:\/\/lluistejeroarquitectos.com\/#\/schema\/person\/fd77e4bebe04b252768398f89cab7505","name":"xcom","image":{"@type":"ImageObject","inLanguage":"en-US","@id":"https:\/\/lluistejeroarquitectos.com\/#\/schema\/person\/image\/","url":"https:\/\/secure.gravatar.com\/avatar\/e0dc342d1b47a6b891bce148180182d55c50f08912307da1c59951a0c787350d?s=96&d=mm&r=g","contentUrl":"https:\/\/secure.gravatar.com\/avatar\/e0dc342d1b47a6b891bce148180182d55c50f08912307da1c59951a0c787350d?s=96&d=mm&r=g","caption":"xcom"},"sameAs":["http:\/\/lluistejeroarquitectos.com"],"url":"https:\/\/lluistejeroarquitectos.com\/en\/author\/xcom\/"}]}},"_links":{"self":[{"href":"https:\/\/lluistejeroarquitectos.com\/en\/wp-json\/wp\/v2\/posts\/3237","targetHints":{"allow":["GET"]}}],"collection":[{"href":"https:\/\/lluistejeroarquitectos.com\/en\/wp-json\/wp\/v2\/posts"}],"about":[{"href":"https:\/\/lluistejeroarquitectos.com\/en\/wp-json\/wp\/v2\/types\/post"}],"author":[{"embeddable":true,"href":"https:\/\/lluistejeroarquitectos.com\/en\/wp-json\/wp\/v2\/users\/1"}],"replies":[{"embeddable":true,"href":"https:\/\/lluistejeroarquitectos.com\/en\/wp-json\/wp\/v2\/comments?post=3237"}],"version-history":[{"count":7,"href":"https:\/\/lluistejeroarquitectos.com\/en\/wp-json\/wp\/v2\/posts\/3237\/revisions"}],"predecessor-version":[{"id":3461,"href":"https:\/\/lluistejeroarquitectos.com\/en\/wp-json\/wp\/v2\/posts\/3237\/revisions\/3461"}],"wp:featuredmedia":[{"embeddable":true,"href":"https:\/\/lluistejeroarquitectos.com\/en\/wp-json\/wp\/v2\/media\/2820"}],"wp:attachment":[{"href":"https:\/\/lluistejeroarquitectos.com\/en\/wp-json\/wp\/v2\/media?parent=3237"}],"wp:term":[{"taxonomy":"category","embeddable":true,"href":"https:\/\/lluistejeroarquitectos.com\/en\/wp-json\/wp\/v2\/categories?post=3237"},{"taxonomy":"post_tag","embeddable":true,"href":"https:\/\/lluistejeroarquitectos.com\/en\/wp-json\/wp\/v2\/tags?post=3237"}],"curies":[{"name":"wp","href":"https:\/\/api.w.org\/{rel}","templated":true}]}}