{"id":3123,"date":"2023-05-15T19:12:48","date_gmt":"2023-05-15T19:12:48","guid":{"rendered":"https:\/\/lluistejeroarquitectos.com\/edificio-de-oficinas-avila-22\/"},"modified":"2023-10-09T12:54:55","modified_gmt":"2023-10-09T12:54:55","slug":"edificio-de-oficinas-avila-22","status":"publish","type":"post","link":"https:\/\/lluistejeroarquitectos.com\/en\/edificio-de-oficinas-avila-22\/","title":{"rendered":"\u00c1vila 22@ Office Building"},"content":{"rendered":"<style>.elementor-3123 .elementor-element.elementor-element-f441dbd{overflow:hidden;margin-top:0px;margin-bottom:0px;padding:50px 0px 0px 0px;z-index:1;transition:all 400ms;}.elementor-3123 .elementor-element.elementor-element-f441dbd a{color:var( --e-global-color-text );}.elementor-3123 .elementor-element.elementor-element-f441dbd a:hover{color:var( --e-global-color-primary );}.elementor-bc-flex-widget .elementor-3123 .elementor-element.elementor-element-b91350b.elementor-column .elementor-widget-wrap{align-items:center;}.elementor-3123 .elementor-element.elementor-element-b91350b.elementor-column.elementor-element[data-element_type=\"column\"] > .elementor-widget-wrap.elementor-element-populated{align-content:center;align-items:center;}.elementor-3123 .elementor-element.elementor-element-b91350b > .elementor-element-populated{padding:0px 100px 0px 100px;}.elementor-3123 .elementor-element.elementor-element-b91350b{transition:all 400ms;}.elementor-3123 .elementor-element.elementor-element-255582d{transition:all 400ms;}.elementor-3123 .elementor-element.elementor-element-18022d0{width:auto;max-width:auto;transition:all 400ms;}.elementor-3123 .elementor-element.elementor-element-18022d0 > .elementor-widget-container{background-color:var( --e-global-color-d59e8a8 );padding:4px 12px 4px 12px;}.elementor-3123 .elementor-element.elementor-element-c4d737f{padding:0px 0px 60px 0px;transition:all 400ms;}.elementor-3123 .elementor-element.elementor-element-1545cd9{transition:all 400ms;}.elementor-3123 .elementor-element.elementor-element-030bbfa{transition:all 400ms;}.elementor-3123 .elementor-element.elementor-element-52c7ac2{transition:all 400ms;}.elementor-bc-flex-widget .elementor-3123 .elementor-element.elementor-element-e4bbf1e.elementor-column .elementor-widget-wrap{align-items:center;}.elementor-3123 .elementor-element.elementor-element-e4bbf1e.elementor-column.elementor-element[data-element_type=\"column\"] > .elementor-widget-wrap.elementor-element-populated{align-content:center;align-items:center;}.elementor-3123 .elementor-element.elementor-element-e4bbf1e.elementor-column > .elementor-widget-wrap{justify-content:center;}.elementor-3123 .elementor-element.elementor-element-e4bbf1e > .elementor-element-populated{margin:0px 0px 0px 0px;--e-column-margin-right:0px;--e-column-margin-left:0px;padding:0px 0px 0px 0px;}.elementor-3123 .elementor-element.elementor-element-e4bbf1e{transition:all 400ms;}.elementor-3123 .elementor-element.elementor-element-94d8ac4 > .elementor-widget-container{padding:0px 0px 0px 0px;}.elementor-3123 .elementor-element.elementor-element-94d8ac4{transition:all 400ms;}.elementor-3123 .elementor-element.elementor-element-94d8ac4 img{width:80%;}.elementor-3123 .elementor-element.elementor-element-97e6c4d{margin-top:0px;margin-bottom:0px;padding:0px 0px 0px 0px;transition:all 400ms;}.elementor-3123 .elementor-element.elementor-element-a9b8801 > .elementor-element-populated{padding:0px 0px 0px 0px;}.elementor-3123 .elementor-element.elementor-element-a9b8801{transition:all 400ms;}.elementor-3123 .elementor-element.elementor-element-0d4dfe6 > .elementor-widget-container{margin:0px 0px -7px 0px;}.elementor-3123 .elementor-element.elementor-element-0d4dfe6{transition:all 400ms;}.elementor-3123 .elementor-element.elementor-element-0d4dfe6 .qodef-qi-swiper-container{height:320px;}.elementor-3123 .elementor-element.elementor-element-0d4dfe6 .qodef-qi-swiper-container .swiper-slide img{height:320px;object-fit:cover;}.elementor-3123 .elementor-element.elementor-element-0d4dfe6 .swiper-button-next{color:var( --e-global-color-primary );font-size:22px;}.elementor-3123 .elementor-element.elementor-element-0d4dfe6 .swiper-button-prev{color:var( --e-global-color-primary );font-size:22px;}@media(max-width:1024px) and (min-width:768px){.elementor-3123 .elementor-element.elementor-element-b91350b{width:50%;}}@media(max-width:1024px){.elementor-3123 .elementor-element.elementor-element-f441dbd{margin-top:0px;margin-bottom:0px;padding:75px 20px 75px 20px;}.elementor-3123 .elementor-element.elementor-element-b91350b > .elementor-widget-wrap > .elementor-widget:not(.elementor-widget__width-auto):not(.elementor-widget__width-initial):not(:last-child):not(.elementor-absolute){margin-block-end:0px;}.elementor-3123 .elementor-element.elementor-element-b91350b > .elementor-element-populated{margin:0px 0px 0px 0px;--e-column-margin-right:0px;--e-column-margin-left:0px;padding:0px 50px 0px 0px;}.elementor-3123 .elementor-element.elementor-element-030bbfa > .elementor-widget-container{padding:0px 0px 0px 0px;}.elementor-3123 .elementor-element.elementor-element-030bbfa{text-align:start;}.elementor-3123 .elementor-element.elementor-element-97e6c4d{margin-top:0px;margin-bottom:0px;padding:0px 0px 0px 0px;}.elementor-3123 .elementor-element.elementor-element-a9b8801 > .elementor-widget-wrap > .elementor-widget:not(.elementor-widget__width-auto):not(.elementor-widget__width-initial):not(:last-child):not(.elementor-absolute){margin-block-end:0px;}.elementor-3123 .elementor-element.elementor-element-a9b8801 > .elementor-element-populated{margin:0px 0px 0px 0px;--e-column-margin-right:0px;--e-column-margin-left:0px;padding:0px 0px 0px 0px;}.elementor-3123 .elementor-element.elementor-element-0d4dfe6 > .elementor-widget-container{margin:0px 0px -7px 0px;}}@media(max-width:767px){.elementor-3123 .elementor-element.elementor-element-f441dbd{padding:50px 20px 50px 20px;}.elementor-3123 .elementor-element.elementor-element-b91350b.elementor-column > .elementor-widget-wrap{justify-content:flex-start;}.elementor-3123 .elementor-element.elementor-element-b91350b > .elementor-element-populated{margin:0px 0px 0px 0px;--e-column-margin-right:0px;--e-column-margin-left:0px;padding:40px 0px 0px 0px;}.elementor-3123 .elementor-element.elementor-element-030bbfa > .elementor-widget-container{padding:0px 0px 0px 0px;}.elementor-3123 .elementor-element.elementor-element-030bbfa{text-align:start;}.elementor-3123 .elementor-element.elementor-element-97e6c4d{padding:0px 0px 0px 0px;}.elementor-3123 .elementor-element.elementor-element-a9b8801.elementor-column > .elementor-widget-wrap{justify-content:flex-start;}.elementor-3123 .elementor-element.elementor-element-a9b8801 > .elementor-element-populated{margin:0px 0px 0px 0px;--e-column-margin-right:0px;--e-column-margin-left:0px;padding:0% 0% 0% 0%;}}\/* Start custom CSS *\/#cont > div {\n    max-height: 300px;\n    overflow: auto;\n}\n#cont table td, #cont table th {\n    background: none;\n    border: none;\n}\/* End custom CSS *\/<\/style>\t\t<div data-elementor-type=\"wp-page\" data-elementor-id=\"3123\" class=\"elementor elementor-3123 elementor-2163\" data-elementor-post-type=\"post\">\n\t\t\t\t\t\t<section class=\"elementor-section elementor-top-section elementor-element elementor-element-f441dbd elementor-section-full_width elementor-reverse-mobile elementor-section-height-default elementor-section-height-default elementor-invisible\" data-id=\"f441dbd\" data-element_type=\"section\" data-settings=\"{&quot;animation&quot;:&quot;fadeIn&quot;}\">\n\t\t\t\t\t\t<div class=\"elementor-container elementor-column-gap-default\">\n\t\t\t\t\t<div class=\"elementor-column elementor-col-50 elementor-top-column elementor-element elementor-element-b91350b\" data-id=\"b91350b\" data-element_type=\"column\">\n\t\t\t<div class=\"elementor-widget-wrap elementor-element-populated\">\n\t\t\t\t\t\t<div class=\"elementor-element elementor-element-255582d de_scroll_animation_no elementor-widget elementor-widget-heading\" data-id=\"255582d\" data-element_type=\"widget\" data-widget_type=\"heading.default\">\n\t\t\t\t<div class=\"elementor-widget-container\">\n\t\t\t\t\t<h2 class=\"elementor-heading-title elementor-size-default\">\u00c1vila 22@ Office Building<\/h2>\t\t\t\t<\/div>\n\t\t\t\t<\/div>\n\t\t\t\t<div class=\"elementor-element elementor-element-18022d0 elementor-widget__width-auto de_scroll_animation_no elementor-invisible elementor-widget elementor-widget-heading\" data-id=\"18022d0\" data-element_type=\"widget\" data-settings=\"{&quot;_animation&quot;:&quot;fadeIn&quot;}\" data-widget_type=\"heading.default\">\n\t\t\t\t<div class=\"elementor-widget-container\">\n\t\t\t\t\t<h6 class=\"elementor-heading-title elementor-size-default\">PROJECT DATA<\/h6>\t\t\t\t<\/div>\n\t\t\t\t<\/div>\n\t\t\t\t<section class=\"elementor-section elementor-inner-section elementor-element elementor-element-c4d737f elementor-section-boxed elementor-section-height-default elementor-section-height-default\" data-id=\"c4d737f\" data-element_type=\"section\">\n\t\t\t\t\t\t<div class=\"elementor-container elementor-column-gap-default\">\n\t\t\t\t\t<div class=\"elementor-column elementor-col-100 elementor-inner-column elementor-element elementor-element-1545cd9\" data-id=\"1545cd9\" data-element_type=\"column\" id=\"cont\">\n\t\t\t<div class=\"elementor-widget-wrap elementor-element-populated\">\n\t\t\t\t\t\t<div class=\"elementor-element elementor-element-030bbfa de_scroll_animation_no elementor-invisible elementor-widget elementor-widget-text-editor\" data-id=\"030bbfa\" data-element_type=\"widget\" data-settings=\"{&quot;_animation&quot;:&quot;fadeIn&quot;}\" data-widget_type=\"text-editor.default\">\n\t\t\t\t<div class=\"elementor-widget-container\">\n\t\t\t\t\t\t\t\t\t<p>The volume contains 3 uses: the underground parking, the ground floor premises and the offices on the upper floors. At the height of the first floor, a green horizontal separation is introduced.<\/p><p>The garden plant recovers the green space lost with the construction of urban land and guarantees its flexible use. The garden can be converted into a rest area, terrace for the restaurant or public park accessible from street level.<\/p><p>The volume of the offices is an open space divided with green patios with vertical cores. The floors mark dynamic lines, which refer to the typical chamfer in Barcelona. The double fa\u00e7ade of glass and metal panels characterizes the office part of the building. The composition of vertical metal lattice panels guarantees intimacy in the interiors, lightness and solar protection without limiting the penetration of natural light.<\/p><p>At night the building becomes a bright element within the urban fabric<\/p><p>The part free of buildings is intended for the recovery of green space. A plaza with access from the street is proposed, opening the interior of the block to the public and creating additional accesses for the premises located on the ground floor.<\/p><p>Thanks to these architectural solutions, an attractive and relaxing design is achieved that raises the level of comfort and functionality in offices.<\/p><p>The building has a modern but functional and flexible shape, which makes it a recognizable element in the 22@ neighborhood.<\/p>\t\t\t\t\t\t\t\t<\/div>\n\t\t\t\t<\/div>\n\t\t\t\t<div class=\"elementor-element elementor-element-52c7ac2 de_scroll_animation_no elementor-widget elementor-widget-text-editor\" data-id=\"52c7ac2\" data-element_type=\"widget\" data-widget_type=\"text-editor.default\">\n\t\t\t\t<div class=\"elementor-widget-container\">\n\t\t\t\t\t\t\t\t\t<table><tbody><tr><th>Year<\/th><td>2011<\/td><\/tr><tr><th>Place<\/th><td>Barcelona, Espa\u00f1a<\/td><\/tr><tr><th>Customer<\/th><td>&#8212;&#8211;<\/td><\/tr><tr><th>Surface<\/th><td>12.166,00 m2<\/td><\/tr><tr><th>Realization<\/th><td>Unrealized<\/td><\/tr><tr><th>Price<\/th><td>&#8212;&#8212;<\/td><\/tr><\/tbody><\/table>\t\t\t\t\t\t\t\t<\/div>\n\t\t\t\t<\/div>\n\t\t\t\t\t<\/div>\n\t\t<\/div>\n\t\t\t\t\t<\/div>\n\t\t<\/section>\n\t\t\t\t\t<\/div>\n\t\t<\/div>\n\t\t\t\t<div class=\"elementor-column elementor-col-50 elementor-top-column elementor-element elementor-element-e4bbf1e\" data-id=\"e4bbf1e\" data-element_type=\"column\">\n\t\t\t<div class=\"elementor-widget-wrap elementor-element-populated\">\n\t\t\t\t\t\t<div class=\"elementor-element elementor-element-94d8ac4 de_scroll_animation_no elementor-invisible elementor-widget elementor-widget-image\" data-id=\"94d8ac4\" data-element_type=\"widget\" data-settings=\"{&quot;_animation&quot;:&quot;fadeIn&quot;}\" data-widget_type=\"image.default\">\n\t\t\t\t<div class=\"elementor-widget-container\">\n\t\t\t\t\t\t\t\t\t\t\t\t\t\t\t<img fetchpriority=\"high\" decoding=\"async\" width=\"2560\" height=\"1071\" src=\"https:\/\/lluistejeroarquitectos.com\/wp-content\/uploads\/2023\/05\/1.-PORTADA-12-scaled.jpg\" class=\"attachment-full size-full wp-image-3021\" alt=\"1. PORTADA 12 scaled\" srcset=\"https:\/\/lluistejeroarquitectos.com\/wp-content\/uploads\/2023\/05\/1.-PORTADA-12-scaled.jpg 2560w, https:\/\/lluistejeroarquitectos.com\/wp-content\/uploads\/2023\/05\/1.-PORTADA-12-300x126.jpg 300w, https:\/\/lluistejeroarquitectos.com\/wp-content\/uploads\/2023\/05\/1.-PORTADA-12-1024x429.jpg 1024w, https:\/\/lluistejeroarquitectos.com\/wp-content\/uploads\/2023\/05\/1.-PORTADA-12-768x321.jpg 768w, https:\/\/lluistejeroarquitectos.com\/wp-content\/uploads\/2023\/05\/1.-PORTADA-12-1536x643.jpg 1536w, https:\/\/lluistejeroarquitectos.com\/wp-content\/uploads\/2023\/05\/1.-PORTADA-12-2048x857.jpg 2048w\" sizes=\"(max-width: 2560px) 100vw, 2560px\" \/>\t\t\t\t\t\t\t\t\t\t\t\t\t\t\t<\/div>\n\t\t\t\t<\/div>\n\t\t\t\t\t<\/div>\n\t\t<\/div>\n\t\t\t\t\t<\/div>\n\t\t<\/section>\n\t\t\t\t<section class=\"elementor-section elementor-top-section elementor-element elementor-element-97e6c4d elementor-section-full_width elementor-section-height-default elementor-section-height-default elementor-invisible\" data-id=\"97e6c4d\" data-element_type=\"section\" data-settings=\"{&quot;animation&quot;:&quot;fadeIn&quot;}\">\n\t\t\t\t\t\t<div class=\"elementor-container elementor-column-gap-default\">\n\t\t\t\t\t<div class=\"elementor-column elementor-col-100 elementor-top-column elementor-element elementor-element-a9b8801\" data-id=\"a9b8801\" data-element_type=\"column\">\n\t\t\t<div class=\"elementor-widget-wrap elementor-element-populated\">\n\t\t\t\t\t\t<div class=\"elementor-element elementor-element-0d4dfe6 de_scroll_animation_no elementor-invisible elementor-widget elementor-widget-qi_addons_for_elementor_image_slider\" data-id=\"0d4dfe6\" data-element_type=\"widget\" data-settings=\"{&quot;_animation&quot;:&quot;fadeIn&quot;}\" data-widget_type=\"qi_addons_for_elementor_image_slider.default\">\n\t\t\t\t<div class=\"elementor-widget-container\">\n\t\t\t\t\t<div class=\"qodef-shortcode qodef-m qodef-qi-image-slider qodef-qi-fslightbox-popup qodef-popup-gallery qodef-image--hover-zoom qodef-col-num--3 qodef-qi-grid qodef-qi-swiper-container qodef-navigation--inside qodef-navigation--hover-move\" data-options=\"{&quot;direction&quot;:&quot;horizontal&quot;,&quot;slidesPerView&quot;:&quot;3&quot;,&quot;spaceBetween&quot;:0,&quot;spaceBetweenTablet&quot;:&quot;&quot;,&quot;spaceBetweenMobile&quot;:&quot;&quot;,&quot;effect&quot;:&quot;&quot;,&quot;loop&quot;:true,&quot;autoplay&quot;:true,&quot;centeredSlides&quot;:true,&quot;speed&quot;:&quot;&quot;,&quot;speedAnimation&quot;:&quot;&quot;,&quot;outsideNavigation&quot;:&quot;no&quot;,&quot;outsidePagination&quot;:&quot;no&quot;,&quot;unique&quot;:529,&quot;partialValue&quot;:0,&quot;disablePartialValue&quot;:&quot;&quot;,&quot;parallax&quot;:&quot;no&quot;}\">\n\t<div class=\"swiper-wrapper\">\n\t\t<div class=\"qodef-e swiper-slide\">\n\t<div class=\"qodef-e-inner\">\n\t\t<div class=\"qodef-e-inner-holder\">\n\t\t\t\t\t\t\t<a class=\"qodef-popup-item\" itemprop=\"image\" href=\"https:\/\/lluistejeroarquitectos.com\/wp-content\/uploads\/2023\/05\/2-8-scaled.jpg\" data-type=\"image\" data-fslightbox=\"gallery-529\" data-e-disable-page-transition=\u201dtrue\u201d>\n\t\t\t\t\t\t\t<img decoding=\"async\" width=\"2560\" height=\"1331\" src=\"https:\/\/lluistejeroarquitectos.com\/wp-content\/uploads\/2023\/05\/2-8-scaled.jpg\" class=\"attachment-full size-full\" alt=\"2 8 scaled\" srcset=\"https:\/\/lluistejeroarquitectos.com\/wp-content\/uploads\/2023\/05\/2-8-scaled.jpg 2560w, https:\/\/lluistejeroarquitectos.com\/wp-content\/uploads\/2023\/05\/2-8-300x156.jpg 300w, https:\/\/lluistejeroarquitectos.com\/wp-content\/uploads\/2023\/05\/2-8-1024x533.jpg 1024w, https:\/\/lluistejeroarquitectos.com\/wp-content\/uploads\/2023\/05\/2-8-768x399.jpg 768w, https:\/\/lluistejeroarquitectos.com\/wp-content\/uploads\/2023\/05\/2-8-1536x799.jpg 1536w, https:\/\/lluistejeroarquitectos.com\/wp-content\/uploads\/2023\/05\/2-8-2048x1065.jpg 2048w\" sizes=\"(max-width: 2560px) 100vw, 2560px\" \/>\t\t\t\t\t\t\t<\/a>\n\t\t\t\t\t<\/div>\n\t<\/div>\n\t\t\t<div class=\"qodef-e-alt-text-holder\">\n\t\t\t<span class=\"qodef-e-alt-text\">2 8 scaled<\/span>\n\t\t<\/div>\n\t<\/div>\n<div class=\"qodef-e swiper-slide\">\n\t<div class=\"qodef-e-inner\">\n\t\t<div class=\"qodef-e-inner-holder\">\n\t\t\t\t\t\t\t<a class=\"qodef-popup-item\" itemprop=\"image\" href=\"https:\/\/lluistejeroarquitectos.com\/wp-content\/uploads\/2023\/05\/03-1.jpg\" data-type=\"image\" data-fslightbox=\"gallery-529\" data-e-disable-page-transition=\u201dtrue\u201d>\n\t\t\t\t\t\t\t<img decoding=\"async\" width=\"2460\" height=\"1400\" src=\"https:\/\/lluistejeroarquitectos.com\/wp-content\/uploads\/2023\/05\/03-1.jpg\" class=\"attachment-full size-full\" alt=\"03 1\" srcset=\"https:\/\/lluistejeroarquitectos.com\/wp-content\/uploads\/2023\/05\/03-1.jpg 2460w, https:\/\/lluistejeroarquitectos.com\/wp-content\/uploads\/2023\/05\/03-1-300x171.jpg 300w, https:\/\/lluistejeroarquitectos.com\/wp-content\/uploads\/2023\/05\/03-1-1024x583.jpg 1024w, https:\/\/lluistejeroarquitectos.com\/wp-content\/uploads\/2023\/05\/03-1-768x437.jpg 768w, https:\/\/lluistejeroarquitectos.com\/wp-content\/uploads\/2023\/05\/03-1-1536x874.jpg 1536w, https:\/\/lluistejeroarquitectos.com\/wp-content\/uploads\/2023\/05\/03-1-2048x1166.jpg 2048w\" sizes=\"(max-width: 2460px) 100vw, 2460px\" \/>\t\t\t\t\t\t\t<\/a>\n\t\t\t\t\t<\/div>\n\t<\/div>\n\t\t\t<div class=\"qodef-e-alt-text-holder\">\n\t\t\t<span class=\"qodef-e-alt-text\">03 1<\/span>\n\t\t<\/div>\n\t<\/div>\n<div class=\"qodef-e swiper-slide\">\n\t<div class=\"qodef-e-inner\">\n\t\t<div class=\"qodef-e-inner-holder\">\n\t\t\t\t\t\t\t<a class=\"qodef-popup-item\" itemprop=\"image\" href=\"https:\/\/lluistejeroarquitectos.com\/wp-content\/uploads\/2023\/05\/04-1.jpg\" data-type=\"image\" data-fslightbox=\"gallery-529\" data-e-disable-page-transition=\u201dtrue\u201d>\n\t\t\t\t\t\t\t<img loading=\"lazy\" decoding=\"async\" width=\"2460\" height=\"1400\" src=\"https:\/\/lluistejeroarquitectos.com\/wp-content\/uploads\/2023\/05\/04-1.jpg\" class=\"attachment-full size-full\" alt=\"04 1\" srcset=\"https:\/\/lluistejeroarquitectos.com\/wp-content\/uploads\/2023\/05\/04-1.jpg 2460w, https:\/\/lluistejeroarquitectos.com\/wp-content\/uploads\/2023\/05\/04-1-300x171.jpg 300w, https:\/\/lluistejeroarquitectos.com\/wp-content\/uploads\/2023\/05\/04-1-1024x583.jpg 1024w, https:\/\/lluistejeroarquitectos.com\/wp-content\/uploads\/2023\/05\/04-1-768x437.jpg 768w, https:\/\/lluistejeroarquitectos.com\/wp-content\/uploads\/2023\/05\/04-1-1536x874.jpg 1536w, https:\/\/lluistejeroarquitectos.com\/wp-content\/uploads\/2023\/05\/04-1-2048x1166.jpg 2048w\" sizes=\"(max-width: 2460px) 100vw, 2460px\" \/>\t\t\t\t\t\t\t<\/a>\n\t\t\t\t\t<\/div>\n\t<\/div>\n\t\t\t<div class=\"qodef-e-alt-text-holder\">\n\t\t\t<span class=\"qodef-e-alt-text\">04 1<\/span>\n\t\t<\/div>\n\t<\/div>\n<div class=\"qodef-e swiper-slide\">\n\t<div class=\"qodef-e-inner\">\n\t\t<div class=\"qodef-e-inner-holder\">\n\t\t\t\t\t\t\t<a class=\"qodef-popup-item\" itemprop=\"image\" href=\"https:\/\/lluistejeroarquitectos.com\/wp-content\/uploads\/2023\/05\/5-6.jpg\" data-type=\"image\" data-fslightbox=\"gallery-529\" data-e-disable-page-transition=\u201dtrue\u201d>\n\t\t\t\t\t\t\t<img loading=\"lazy\" decoding=\"async\" width=\"2460\" height=\"1400\" src=\"https:\/\/lluistejeroarquitectos.com\/wp-content\/uploads\/2023\/05\/5-6.jpg\" class=\"attachment-full size-full\" alt=\"5 6\" srcset=\"https:\/\/lluistejeroarquitectos.com\/wp-content\/uploads\/2023\/05\/5-6.jpg 2460w, https:\/\/lluistejeroarquitectos.com\/wp-content\/uploads\/2023\/05\/5-6-300x171.jpg 300w, https:\/\/lluistejeroarquitectos.com\/wp-content\/uploads\/2023\/05\/5-6-1024x583.jpg 1024w, https:\/\/lluistejeroarquitectos.com\/wp-content\/uploads\/2023\/05\/5-6-768x437.jpg 768w, https:\/\/lluistejeroarquitectos.com\/wp-content\/uploads\/2023\/05\/5-6-1536x874.jpg 1536w, https:\/\/lluistejeroarquitectos.com\/wp-content\/uploads\/2023\/05\/5-6-2048x1166.jpg 2048w\" sizes=\"(max-width: 2460px) 100vw, 2460px\" \/>\t\t\t\t\t\t\t<\/a>\n\t\t\t\t\t<\/div>\n\t<\/div>\n\t\t\t<div class=\"qodef-e-alt-text-holder\">\n\t\t\t<span class=\"qodef-e-alt-text\">5 6<\/span>\n\t\t<\/div>\n\t<\/div>\n<div class=\"qodef-e swiper-slide\">\n\t<div class=\"qodef-e-inner\">\n\t\t<div class=\"qodef-e-inner-holder\">\n\t\t\t\t\t\t\t<a class=\"qodef-popup-item\" itemprop=\"image\" href=\"https:\/\/lluistejeroarquitectos.com\/wp-content\/uploads\/2023\/05\/6-5.jpg\" data-type=\"image\" data-fslightbox=\"gallery-529\" data-e-disable-page-transition=\u201dtrue\u201d>\n\t\t\t\t\t\t\t<img loading=\"lazy\" decoding=\"async\" width=\"1333\" height=\"659\" src=\"https:\/\/lluistejeroarquitectos.com\/wp-content\/uploads\/2023\/05\/6-5.jpg\" class=\"attachment-full size-full\" alt=\"6 5\" srcset=\"https:\/\/lluistejeroarquitectos.com\/wp-content\/uploads\/2023\/05\/6-5.jpg 1333w, https:\/\/lluistejeroarquitectos.com\/wp-content\/uploads\/2023\/05\/6-5-300x148.jpg 300w, https:\/\/lluistejeroarquitectos.com\/wp-content\/uploads\/2023\/05\/6-5-1024x506.jpg 1024w, https:\/\/lluistejeroarquitectos.com\/wp-content\/uploads\/2023\/05\/6-5-768x380.jpg 768w\" sizes=\"(max-width: 1333px) 100vw, 1333px\" \/>\t\t\t\t\t\t\t<\/a>\n\t\t\t\t\t<\/div>\n\t<\/div>\n\t\t\t<div class=\"qodef-e-alt-text-holder\">\n\t\t\t<span class=\"qodef-e-alt-text\">6 5<\/span>\n\t\t<\/div>\n\t<\/div>\n<div class=\"qodef-e swiper-slide\">\n\t<div class=\"qodef-e-inner\">\n\t\t<div class=\"qodef-e-inner-holder\">\n\t\t\t\t\t\t\t<a class=\"qodef-popup-item\" itemprop=\"image\" href=\"https:\/\/lluistejeroarquitectos.com\/wp-content\/uploads\/2023\/05\/7-5.jpg\" data-type=\"image\" data-fslightbox=\"gallery-529\" data-e-disable-page-transition=\u201dtrue\u201d>\n\t\t\t\t\t\t\t<img loading=\"lazy\" decoding=\"async\" width=\"1206\" height=\"1824\" src=\"https:\/\/lluistejeroarquitectos.com\/wp-content\/uploads\/2023\/05\/7-5.jpg\" class=\"attachment-full size-full\" alt=\"7 5\" srcset=\"https:\/\/lluistejeroarquitectos.com\/wp-content\/uploads\/2023\/05\/7-5.jpg 1206w, https:\/\/lluistejeroarquitectos.com\/wp-content\/uploads\/2023\/05\/7-5-198x300.jpg 198w, https:\/\/lluistejeroarquitectos.com\/wp-content\/uploads\/2023\/05\/7-5-677x1024.jpg 677w, https:\/\/lluistejeroarquitectos.com\/wp-content\/uploads\/2023\/05\/7-5-768x1162.jpg 768w, https:\/\/lluistejeroarquitectos.com\/wp-content\/uploads\/2023\/05\/7-5-1016x1536.jpg 1016w\" sizes=\"(max-width: 1206px) 100vw, 1206px\" \/>\t\t\t\t\t\t\t<\/a>\n\t\t\t\t\t<\/div>\n\t<\/div>\n\t\t\t<div class=\"qodef-e-alt-text-holder\">\n\t\t\t<span class=\"qodef-e-alt-text\">7 5<\/span>\n\t\t<\/div>\n\t<\/div>\n<div class=\"qodef-e swiper-slide\">\n\t<div class=\"qodef-e-inner\">\n\t\t<div class=\"qodef-e-inner-holder\">\n\t\t\t\t\t\t\t<a class=\"qodef-popup-item\" itemprop=\"image\" href=\"https:\/\/lluistejeroarquitectos.com\/wp-content\/uploads\/2023\/05\/8-5.jpg\" data-type=\"image\" data-fslightbox=\"gallery-529\" data-e-disable-page-transition=\u201dtrue\u201d>\n\t\t\t\t\t\t\t<img loading=\"lazy\" decoding=\"async\" width=\"2460\" height=\"1400\" src=\"https:\/\/lluistejeroarquitectos.com\/wp-content\/uploads\/2023\/05\/8-5.jpg\" class=\"attachment-full size-full\" alt=\"8 5\" srcset=\"https:\/\/lluistejeroarquitectos.com\/wp-content\/uploads\/2023\/05\/8-5.jpg 2460w, https:\/\/lluistejeroarquitectos.com\/wp-content\/uploads\/2023\/05\/8-5-300x171.jpg 300w, https:\/\/lluistejeroarquitectos.com\/wp-content\/uploads\/2023\/05\/8-5-1024x583.jpg 1024w, https:\/\/lluistejeroarquitectos.com\/wp-content\/uploads\/2023\/05\/8-5-768x437.jpg 768w, https:\/\/lluistejeroarquitectos.com\/wp-content\/uploads\/2023\/05\/8-5-1536x874.jpg 1536w, https:\/\/lluistejeroarquitectos.com\/wp-content\/uploads\/2023\/05\/8-5-2048x1166.jpg 2048w\" sizes=\"(max-width: 2460px) 100vw, 2460px\" \/>\t\t\t\t\t\t\t<\/a>\n\t\t\t\t\t<\/div>\n\t<\/div>\n\t\t\t<div class=\"qodef-e-alt-text-holder\">\n\t\t\t<span class=\"qodef-e-alt-text\">8 5<\/span>\n\t\t<\/div>\n\t<\/div>\n<div class=\"qodef-e swiper-slide\">\n\t<div class=\"qodef-e-inner\">\n\t\t<div class=\"qodef-e-inner-holder\">\n\t\t\t\t\t\t\t<a class=\"qodef-popup-item\" itemprop=\"image\" href=\"https:\/\/lluistejeroarquitectos.com\/wp-content\/uploads\/2023\/05\/9-5.jpg\" data-type=\"image\" data-fslightbox=\"gallery-529\" data-e-disable-page-transition=\u201dtrue\u201d>\n\t\t\t\t\t\t\t<img loading=\"lazy\" decoding=\"async\" width=\"2460\" height=\"1400\" src=\"https:\/\/lluistejeroarquitectos.com\/wp-content\/uploads\/2023\/05\/9-5.jpg\" class=\"attachment-full size-full\" alt=\"9 5\" srcset=\"https:\/\/lluistejeroarquitectos.com\/wp-content\/uploads\/2023\/05\/9-5.jpg 2460w, https:\/\/lluistejeroarquitectos.com\/wp-content\/uploads\/2023\/05\/9-5-300x171.jpg 300w, https:\/\/lluistejeroarquitectos.com\/wp-content\/uploads\/2023\/05\/9-5-1024x583.jpg 1024w, https:\/\/lluistejeroarquitectos.com\/wp-content\/uploads\/2023\/05\/9-5-768x437.jpg 768w, https:\/\/lluistejeroarquitectos.com\/wp-content\/uploads\/2023\/05\/9-5-1536x874.jpg 1536w, https:\/\/lluistejeroarquitectos.com\/wp-content\/uploads\/2023\/05\/9-5-2048x1166.jpg 2048w\" sizes=\"(max-width: 2460px) 100vw, 2460px\" \/>\t\t\t\t\t\t\t<\/a>\n\t\t\t\t\t<\/div>\n\t<\/div>\n\t\t\t<div class=\"qodef-e-alt-text-holder\">\n\t\t\t<span class=\"qodef-e-alt-text\">9 5<\/span>\n\t\t<\/div>\n\t<\/div>\n<div class=\"qodef-e swiper-slide\">\n\t<div class=\"qodef-e-inner\">\n\t\t<div class=\"qodef-e-inner-holder\">\n\t\t\t\t\t\t\t<a class=\"qodef-popup-item\" itemprop=\"image\" href=\"https:\/\/lluistejeroarquitectos.com\/wp-content\/uploads\/2023\/05\/10-4-scaled.jpg\" data-type=\"image\" data-fslightbox=\"gallery-529\" data-e-disable-page-transition=\u201dtrue\u201d>\n\t\t\t\t\t\t\t<img loading=\"lazy\" decoding=\"async\" width=\"2560\" height=\"1810\" src=\"https:\/\/lluistejeroarquitectos.com\/wp-content\/uploads\/2023\/05\/10-4-scaled.jpg\" class=\"attachment-full size-full\" alt=\"10 4 scaled\" srcset=\"https:\/\/lluistejeroarquitectos.com\/wp-content\/uploads\/2023\/05\/10-4-scaled.jpg 2560w, https:\/\/lluistejeroarquitectos.com\/wp-content\/uploads\/2023\/05\/10-4-300x212.jpg 300w, https:\/\/lluistejeroarquitectos.com\/wp-content\/uploads\/2023\/05\/10-4-1024x724.jpg 1024w, https:\/\/lluistejeroarquitectos.com\/wp-content\/uploads\/2023\/05\/10-4-768x543.jpg 768w, https:\/\/lluistejeroarquitectos.com\/wp-content\/uploads\/2023\/05\/10-4-1536x1086.jpg 1536w, https:\/\/lluistejeroarquitectos.com\/wp-content\/uploads\/2023\/05\/10-4-2048x1448.jpg 2048w\" sizes=\"(max-width: 2560px) 100vw, 2560px\" \/>\t\t\t\t\t\t\t<\/a>\n\t\t\t\t\t<\/div>\n\t<\/div>\n\t\t\t<div class=\"qodef-e-alt-text-holder\">\n\t\t\t<span class=\"qodef-e-alt-text\">10 4 scaled<\/span>\n\t\t<\/div>\n\t<\/div>\n<div class=\"qodef-e swiper-slide\">\n\t<div class=\"qodef-e-inner\">\n\t\t<div class=\"qodef-e-inner-holder\">\n\t\t\t\t\t\t\t<a class=\"qodef-popup-item\" itemprop=\"image\" href=\"https:\/\/lluistejeroarquitectos.com\/wp-content\/uploads\/2023\/05\/11-2-scaled.jpg\" data-type=\"image\" data-fslightbox=\"gallery-529\" data-e-disable-page-transition=\u201dtrue\u201d>\n\t\t\t\t\t\t\t<img loading=\"lazy\" decoding=\"async\" width=\"2560\" height=\"1810\" src=\"https:\/\/lluistejeroarquitectos.com\/wp-content\/uploads\/2023\/05\/11-2-scaled.jpg\" class=\"attachment-full size-full\" alt=\"11 2 scaled\" srcset=\"https:\/\/lluistejeroarquitectos.com\/wp-content\/uploads\/2023\/05\/11-2-scaled.jpg 2560w, https:\/\/lluistejeroarquitectos.com\/wp-content\/uploads\/2023\/05\/11-2-300x212.jpg 300w, https:\/\/lluistejeroarquitectos.com\/wp-content\/uploads\/2023\/05\/11-2-1024x724.jpg 1024w, https:\/\/lluistejeroarquitectos.com\/wp-content\/uploads\/2023\/05\/11-2-768x543.jpg 768w, https:\/\/lluistejeroarquitectos.com\/wp-content\/uploads\/2023\/05\/11-2-1536x1086.jpg 1536w, https:\/\/lluistejeroarquitectos.com\/wp-content\/uploads\/2023\/05\/11-2-2048x1448.jpg 2048w\" sizes=\"(max-width: 2560px) 100vw, 2560px\" \/>\t\t\t\t\t\t\t<\/a>\n\t\t\t\t\t<\/div>\n\t<\/div>\n\t\t\t<div class=\"qodef-e-alt-text-holder\">\n\t\t\t<span class=\"qodef-e-alt-text\">11 2 scaled<\/span>\n\t\t<\/div>\n\t<\/div>\n<div class=\"qodef-e swiper-slide\">\n\t<div class=\"qodef-e-inner\">\n\t\t<div class=\"qodef-e-inner-holder\">\n\t\t\t\t\t\t\t<a class=\"qodef-popup-item\" itemprop=\"image\" href=\"https:\/\/lluistejeroarquitectos.com\/wp-content\/uploads\/2023\/05\/12-1-scaled.jpg\" data-type=\"image\" data-fslightbox=\"gallery-529\" data-e-disable-page-transition=\u201dtrue\u201d>\n\t\t\t\t\t\t\t<img loading=\"lazy\" decoding=\"async\" width=\"2560\" height=\"1810\" src=\"https:\/\/lluistejeroarquitectos.com\/wp-content\/uploads\/2023\/05\/12-1-scaled.jpg\" class=\"attachment-full size-full\" alt=\"12 1 scaled\" srcset=\"https:\/\/lluistejeroarquitectos.com\/wp-content\/uploads\/2023\/05\/12-1-scaled.jpg 2560w, https:\/\/lluistejeroarquitectos.com\/wp-content\/uploads\/2023\/05\/12-1-300x212.jpg 300w, https:\/\/lluistejeroarquitectos.com\/wp-content\/uploads\/2023\/05\/12-1-1024x724.jpg 1024w, https:\/\/lluistejeroarquitectos.com\/wp-content\/uploads\/2023\/05\/12-1-768x543.jpg 768w, https:\/\/lluistejeroarquitectos.com\/wp-content\/uploads\/2023\/05\/12-1-1536x1086.jpg 1536w, https:\/\/lluistejeroarquitectos.com\/wp-content\/uploads\/2023\/05\/12-1-2048x1448.jpg 2048w\" sizes=\"(max-width: 2560px) 100vw, 2560px\" \/>\t\t\t\t\t\t\t<\/a>\n\t\t\t\t\t<\/div>\n\t<\/div>\n\t\t\t<div class=\"qodef-e-alt-text-holder\">\n\t\t\t<span class=\"qodef-e-alt-text\">12 1 scaled<\/span>\n\t\t<\/div>\n\t<\/div>\n<div class=\"qodef-e swiper-slide\">\n\t<div class=\"qodef-e-inner\">\n\t\t<div class=\"qodef-e-inner-holder\">\n\t\t\t\t\t\t\t<a class=\"qodef-popup-item\" itemprop=\"image\" href=\"https:\/\/lluistejeroarquitectos.com\/wp-content\/uploads\/2023\/05\/13-1-scaled.jpg\" data-type=\"image\" data-fslightbox=\"gallery-529\" data-e-disable-page-transition=\u201dtrue\u201d>\n\t\t\t\t\t\t\t<img loading=\"lazy\" decoding=\"async\" width=\"2560\" height=\"1810\" src=\"https:\/\/lluistejeroarquitectos.com\/wp-content\/uploads\/2023\/05\/13-1-scaled.jpg\" class=\"attachment-full size-full\" alt=\"13 1 scaled\" srcset=\"https:\/\/lluistejeroarquitectos.com\/wp-content\/uploads\/2023\/05\/13-1-scaled.jpg 2560w, https:\/\/lluistejeroarquitectos.com\/wp-content\/uploads\/2023\/05\/13-1-300x212.jpg 300w, https:\/\/lluistejeroarquitectos.com\/wp-content\/uploads\/2023\/05\/13-1-1024x724.jpg 1024w, https:\/\/lluistejeroarquitectos.com\/wp-content\/uploads\/2023\/05\/13-1-768x543.jpg 768w, https:\/\/lluistejeroarquitectos.com\/wp-content\/uploads\/2023\/05\/13-1-1536x1086.jpg 1536w, https:\/\/lluistejeroarquitectos.com\/wp-content\/uploads\/2023\/05\/13-1-2048x1448.jpg 2048w\" sizes=\"(max-width: 2560px) 100vw, 2560px\" \/>\t\t\t\t\t\t\t<\/a>\n\t\t\t\t\t<\/div>\n\t<\/div>\n\t\t\t<div class=\"qodef-e-alt-text-holder\">\n\t\t\t<span class=\"qodef-e-alt-text\">13 1 scaled<\/span>\n\t\t<\/div>\n\t<\/div>\n\t<\/div>\n\t\t<div class=\"swiper-button-prev\"><svg class=\"qodef-swiper-arrow-left\" xmlns=\"http:\/\/www.w3.org\/2000\/svg\" x=\"0px\" y=\"0px\" viewBox=\"0 0 34.2 32.3\" xml:space=\"preserve\" style=\"stroke-width: 2;\"><line x1=\"0.5\" y1=\"16\" x2=\"33.5\" y2=\"16\"\/><line x1=\"0.3\" y1=\"16.5\" x2=\"16.2\" y2=\"0.7\"\/><line x1=\"0\" y1=\"15.4\" x2=\"16.2\" y2=\"31.6\"\/><\/svg><\/div>\n\t<div class=\"swiper-button-next\"><svg class=\"qodef-swiper-arrow-right\" xmlns=\"http:\/\/www.w3.org\/2000\/svg\" x=\"0px\" y=\"0px\" viewBox=\"0 0 34.2 32.3\" xml:space=\"preserve\" style=\"stroke-width: 2;\"><line x1=\"0\" y1=\"16\" x2=\"33\" y2=\"16\"\/><line x1=\"17.3\" y1=\"0.7\" x2=\"33.2\" y2=\"16.5\"\/><line x1=\"17.3\" y1=\"31.6\" x2=\"33.5\" y2=\"15.4\"\/><\/svg><\/div>\n<\/div>\n\t\t\t\t<\/div>\n\t\t\t\t<\/div>\n\t\t\t\t\t<\/div>\n\t\t<\/div>\n\t\t\t\t\t<\/div>\n\t\t<\/section>\n\t\t\t\t<\/div>\n\t\t","protected":false},"excerpt":{"rendered":"<p>Barcelona, Espa\u00f1a<\/p>\n","protected":false},"author":1,"featured_media":3021,"comment_status":"closed","ping_status":"closed","sticky":false,"template":"","format":"standard","meta":{"footnotes":""},"categories":[44],"tags":[],"class_list":["post-3123","post","type-post","status-publish","format-standard","has-post-thumbnail","hentry","category-corporate"],"yoast_head":"<!-- This site is optimized with the Yoast SEO plugin v26.8 - https:\/\/yoast.com\/product\/yoast-seo-wordpress\/ -->\n<title>\u00c1vila 22@ Office Building - Llu\u00eds Tejero Arquitectes<\/title>\n<meta name=\"robots\" content=\"index, follow, max-snippet:-1, max-image-preview:large, max-video-preview:-1\" \/>\n<link rel=\"canonical\" href=\"https:\/\/lluistejeroarquitectos.com\/edificio-de-oficinas-avila-22\/\" \/>\n<meta property=\"og:locale\" content=\"en_US\" \/>\n<meta property=\"og:type\" content=\"article\" \/>\n<meta property=\"og:title\" content=\"\u00c1vila 22@ Office Building - Llu\u00eds Tejero Arquitectes\" \/>\n<meta property=\"og:description\" content=\"Barcelona, Espa\u00f1a\" \/>\n<meta property=\"og:url\" content=\"https:\/\/lluistejeroarquitectos.com\/edificio-de-oficinas-avila-22\/\" \/>\n<meta property=\"og:site_name\" content=\"Llu\u00eds Tejero Arquitectes\" \/>\n<meta property=\"article:published_time\" content=\"2023-05-15T19:12:48+00:00\" \/>\n<meta property=\"article:modified_time\" content=\"2023-10-09T12:54:55+00:00\" \/>\n<meta property=\"og:image\" content=\"https:\/\/lluistejeroarquitectos.com\/wp-content\/uploads\/2023\/05\/1.-PORTADA-12-scaled.jpg\" \/>\n\t<meta property=\"og:image:width\" content=\"2560\" \/>\n\t<meta property=\"og:image:height\" content=\"1071\" \/>\n\t<meta property=\"og:image:type\" content=\"image\/jpeg\" \/>\n<meta name=\"author\" content=\"xcom\" \/>\n<meta name=\"twitter:card\" content=\"summary_large_image\" \/>\n<meta name=\"twitter:label1\" content=\"Written by\" \/>\n\t<meta name=\"twitter:data1\" content=\"xcom\" \/>\n\t<meta name=\"twitter:label2\" content=\"Est. reading time\" \/>\n\t<meta name=\"twitter:data2\" content=\"1 minute\" \/>\n<script type=\"application\/ld+json\" class=\"yoast-schema-graph\">{\"@context\":\"https:\/\/schema.org\",\"@graph\":[{\"@type\":\"Article\",\"@id\":\"https:\/\/lluistejeroarquitectos.com\/edificio-de-oficinas-avila-22\/#article\",\"isPartOf\":{\"@id\":\"https:\/\/lluistejeroarquitectos.com\/edificio-de-oficinas-avila-22\/\"},\"author\":{\"name\":\"xcom\",\"@id\":\"https:\/\/lluistejeroarquitectos.com\/#\/schema\/person\/fd77e4bebe04b252768398f89cab7505\"},\"headline\":\"\u00c1vila 22@ Office Building\",\"datePublished\":\"2023-05-15T19:12:48+00:00\",\"dateModified\":\"2023-10-09T12:54:55+00:00\",\"mainEntityOfPage\":{\"@id\":\"https:\/\/lluistejeroarquitectos.com\/edificio-de-oficinas-avila-22\/\"},\"wordCount\":255,\"image\":{\"@id\":\"https:\/\/lluistejeroarquitectos.com\/edificio-de-oficinas-avila-22\/#primaryimage\"},\"thumbnailUrl\":\"https:\/\/lluistejeroarquitectos.com\/wp-content\/uploads\/2023\/05\/1.-PORTADA-12-scaled.jpg\",\"articleSection\":[\"Corporate\"],\"inLanguage\":\"en-US\"},{\"@type\":\"WebPage\",\"@id\":\"https:\/\/lluistejeroarquitectos.com\/edificio-de-oficinas-avila-22\/\",\"url\":\"https:\/\/lluistejeroarquitectos.com\/edificio-de-oficinas-avila-22\/\",\"name\":\"\u00c1vila 22@ Office Building - Llu\u00eds Tejero Arquitectes\",\"isPartOf\":{\"@id\":\"https:\/\/lluistejeroarquitectos.com\/#website\"},\"primaryImageOfPage\":{\"@id\":\"https:\/\/lluistejeroarquitectos.com\/edificio-de-oficinas-avila-22\/#primaryimage\"},\"image\":{\"@id\":\"https:\/\/lluistejeroarquitectos.com\/edificio-de-oficinas-avila-22\/#primaryimage\"},\"thumbnailUrl\":\"https:\/\/lluistejeroarquitectos.com\/wp-content\/uploads\/2023\/05\/1.-PORTADA-12-scaled.jpg\",\"datePublished\":\"2023-05-15T19:12:48+00:00\",\"dateModified\":\"2023-10-09T12:54:55+00:00\",\"author\":{\"@id\":\"https:\/\/lluistejeroarquitectos.com\/#\/schema\/person\/fd77e4bebe04b252768398f89cab7505\"},\"breadcrumb\":{\"@id\":\"https:\/\/lluistejeroarquitectos.com\/edificio-de-oficinas-avila-22\/#breadcrumb\"},\"inLanguage\":\"en-US\",\"potentialAction\":[{\"@type\":\"ReadAction\",\"target\":[\"https:\/\/lluistejeroarquitectos.com\/edificio-de-oficinas-avila-22\/\"]}]},{\"@type\":\"ImageObject\",\"inLanguage\":\"en-US\",\"@id\":\"https:\/\/lluistejeroarquitectos.com\/edificio-de-oficinas-avila-22\/#primaryimage\",\"url\":\"https:\/\/lluistejeroarquitectos.com\/wp-content\/uploads\/2023\/05\/1.-PORTADA-12-scaled.jpg\",\"contentUrl\":\"https:\/\/lluistejeroarquitectos.com\/wp-content\/uploads\/2023\/05\/1.-PORTADA-12-scaled.jpg\",\"width\":2560,\"height\":1071,\"caption\":\"1. PORTADA 12 scaled\"},{\"@type\":\"BreadcrumbList\",\"@id\":\"https:\/\/lluistejeroarquitectos.com\/edificio-de-oficinas-avila-22\/#breadcrumb\",\"itemListElement\":[{\"@type\":\"ListItem\",\"position\":1,\"name\":\"Portada\",\"item\":\"https:\/\/lluistejeroarquitectos.com\/\"},{\"@type\":\"ListItem\",\"position\":2,\"name\":\"\u00c1vila 22@ Office Building\"}]},{\"@type\":\"WebSite\",\"@id\":\"https:\/\/lluistejeroarquitectos.com\/#website\",\"url\":\"https:\/\/lluistejeroarquitectos.com\/\",\"name\":\"Llu\u00eds Tejero Arquitectes\",\"description\":\"\",\"potentialAction\":[{\"@type\":\"SearchAction\",\"target\":{\"@type\":\"EntryPoint\",\"urlTemplate\":\"https:\/\/lluistejeroarquitectos.com\/?s={search_term_string}\"},\"query-input\":{\"@type\":\"PropertyValueSpecification\",\"valueRequired\":true,\"valueName\":\"search_term_string\"}}],\"inLanguage\":\"en-US\"},{\"@type\":\"Person\",\"@id\":\"https:\/\/lluistejeroarquitectos.com\/#\/schema\/person\/fd77e4bebe04b252768398f89cab7505\",\"name\":\"xcom\",\"image\":{\"@type\":\"ImageObject\",\"inLanguage\":\"en-US\",\"@id\":\"https:\/\/lluistejeroarquitectos.com\/#\/schema\/person\/image\/\",\"url\":\"https:\/\/secure.gravatar.com\/avatar\/e0dc342d1b47a6b891bce148180182d55c50f08912307da1c59951a0c787350d?s=96&d=mm&r=g\",\"contentUrl\":\"https:\/\/secure.gravatar.com\/avatar\/e0dc342d1b47a6b891bce148180182d55c50f08912307da1c59951a0c787350d?s=96&d=mm&r=g\",\"caption\":\"xcom\"},\"sameAs\":[\"http:\/\/lluistejeroarquitectos.com\"],\"url\":\"https:\/\/lluistejeroarquitectos.com\/en\/author\/xcom\/\"}]}<\/script>\n<!-- \/ Yoast SEO plugin. -->","yoast_head_json":{"title":"\u00c1vila 22@ Office Building - Llu\u00eds Tejero Arquitectes","robots":{"index":"index","follow":"follow","max-snippet":"max-snippet:-1","max-image-preview":"max-image-preview:large","max-video-preview":"max-video-preview:-1"},"canonical":"https:\/\/lluistejeroarquitectos.com\/edificio-de-oficinas-avila-22\/","og_locale":"en_US","og_type":"article","og_title":"\u00c1vila 22@ Office Building - Llu\u00eds Tejero Arquitectes","og_description":"Barcelona, Espa\u00f1a","og_url":"https:\/\/lluistejeroarquitectos.com\/edificio-de-oficinas-avila-22\/","og_site_name":"Llu\u00eds Tejero Arquitectes","article_published_time":"2023-05-15T19:12:48+00:00","article_modified_time":"2023-10-09T12:54:55+00:00","og_image":[{"width":2560,"height":1071,"url":"https:\/\/lluistejeroarquitectos.com\/wp-content\/uploads\/2023\/05\/1.-PORTADA-12-scaled.jpg","type":"image\/jpeg"}],"author":"xcom","twitter_card":"summary_large_image","twitter_misc":{"Written by":"xcom","Est. reading time":"1 minute"},"schema":{"@context":"https:\/\/schema.org","@graph":[{"@type":"Article","@id":"https:\/\/lluistejeroarquitectos.com\/edificio-de-oficinas-avila-22\/#article","isPartOf":{"@id":"https:\/\/lluistejeroarquitectos.com\/edificio-de-oficinas-avila-22\/"},"author":{"name":"xcom","@id":"https:\/\/lluistejeroarquitectos.com\/#\/schema\/person\/fd77e4bebe04b252768398f89cab7505"},"headline":"\u00c1vila 22@ Office Building","datePublished":"2023-05-15T19:12:48+00:00","dateModified":"2023-10-09T12:54:55+00:00","mainEntityOfPage":{"@id":"https:\/\/lluistejeroarquitectos.com\/edificio-de-oficinas-avila-22\/"},"wordCount":255,"image":{"@id":"https:\/\/lluistejeroarquitectos.com\/edificio-de-oficinas-avila-22\/#primaryimage"},"thumbnailUrl":"https:\/\/lluistejeroarquitectos.com\/wp-content\/uploads\/2023\/05\/1.-PORTADA-12-scaled.jpg","articleSection":["Corporate"],"inLanguage":"en-US"},{"@type":"WebPage","@id":"https:\/\/lluistejeroarquitectos.com\/edificio-de-oficinas-avila-22\/","url":"https:\/\/lluistejeroarquitectos.com\/edificio-de-oficinas-avila-22\/","name":"\u00c1vila 22@ Office Building - Llu\u00eds Tejero Arquitectes","isPartOf":{"@id":"https:\/\/lluistejeroarquitectos.com\/#website"},"primaryImageOfPage":{"@id":"https:\/\/lluistejeroarquitectos.com\/edificio-de-oficinas-avila-22\/#primaryimage"},"image":{"@id":"https:\/\/lluistejeroarquitectos.com\/edificio-de-oficinas-avila-22\/#primaryimage"},"thumbnailUrl":"https:\/\/lluistejeroarquitectos.com\/wp-content\/uploads\/2023\/05\/1.-PORTADA-12-scaled.jpg","datePublished":"2023-05-15T19:12:48+00:00","dateModified":"2023-10-09T12:54:55+00:00","author":{"@id":"https:\/\/lluistejeroarquitectos.com\/#\/schema\/person\/fd77e4bebe04b252768398f89cab7505"},"breadcrumb":{"@id":"https:\/\/lluistejeroarquitectos.com\/edificio-de-oficinas-avila-22\/#breadcrumb"},"inLanguage":"en-US","potentialAction":[{"@type":"ReadAction","target":["https:\/\/lluistejeroarquitectos.com\/edificio-de-oficinas-avila-22\/"]}]},{"@type":"ImageObject","inLanguage":"en-US","@id":"https:\/\/lluistejeroarquitectos.com\/edificio-de-oficinas-avila-22\/#primaryimage","url":"https:\/\/lluistejeroarquitectos.com\/wp-content\/uploads\/2023\/05\/1.-PORTADA-12-scaled.jpg","contentUrl":"https:\/\/lluistejeroarquitectos.com\/wp-content\/uploads\/2023\/05\/1.-PORTADA-12-scaled.jpg","width":2560,"height":1071,"caption":"1. PORTADA 12 scaled"},{"@type":"BreadcrumbList","@id":"https:\/\/lluistejeroarquitectos.com\/edificio-de-oficinas-avila-22\/#breadcrumb","itemListElement":[{"@type":"ListItem","position":1,"name":"Portada","item":"https:\/\/lluistejeroarquitectos.com\/"},{"@type":"ListItem","position":2,"name":"\u00c1vila 22@ Office Building"}]},{"@type":"WebSite","@id":"https:\/\/lluistejeroarquitectos.com\/#website","url":"https:\/\/lluistejeroarquitectos.com\/","name":"Llu\u00eds Tejero Arquitectes","description":"","potentialAction":[{"@type":"SearchAction","target":{"@type":"EntryPoint","urlTemplate":"https:\/\/lluistejeroarquitectos.com\/?s={search_term_string}"},"query-input":{"@type":"PropertyValueSpecification","valueRequired":true,"valueName":"search_term_string"}}],"inLanguage":"en-US"},{"@type":"Person","@id":"https:\/\/lluistejeroarquitectos.com\/#\/schema\/person\/fd77e4bebe04b252768398f89cab7505","name":"xcom","image":{"@type":"ImageObject","inLanguage":"en-US","@id":"https:\/\/lluistejeroarquitectos.com\/#\/schema\/person\/image\/","url":"https:\/\/secure.gravatar.com\/avatar\/e0dc342d1b47a6b891bce148180182d55c50f08912307da1c59951a0c787350d?s=96&d=mm&r=g","contentUrl":"https:\/\/secure.gravatar.com\/avatar\/e0dc342d1b47a6b891bce148180182d55c50f08912307da1c59951a0c787350d?s=96&d=mm&r=g","caption":"xcom"},"sameAs":["http:\/\/lluistejeroarquitectos.com"],"url":"https:\/\/lluistejeroarquitectos.com\/en\/author\/xcom\/"}]}},"_links":{"self":[{"href":"https:\/\/lluistejeroarquitectos.com\/en\/wp-json\/wp\/v2\/posts\/3123","targetHints":{"allow":["GET"]}}],"collection":[{"href":"https:\/\/lluistejeroarquitectos.com\/en\/wp-json\/wp\/v2\/posts"}],"about":[{"href":"https:\/\/lluistejeroarquitectos.com\/en\/wp-json\/wp\/v2\/types\/post"}],"author":[{"embeddable":true,"href":"https:\/\/lluistejeroarquitectos.com\/en\/wp-json\/wp\/v2\/users\/1"}],"replies":[{"embeddable":true,"href":"https:\/\/lluistejeroarquitectos.com\/en\/wp-json\/wp\/v2\/comments?post=3123"}],"version-history":[{"count":7,"href":"https:\/\/lluistejeroarquitectos.com\/en\/wp-json\/wp\/v2\/posts\/3123\/revisions"}],"predecessor-version":[{"id":3407,"href":"https:\/\/lluistejeroarquitectos.com\/en\/wp-json\/wp\/v2\/posts\/3123\/revisions\/3407"}],"wp:featuredmedia":[{"embeddable":true,"href":"https:\/\/lluistejeroarquitectos.com\/en\/wp-json\/wp\/v2\/media\/3021"}],"wp:attachment":[{"href":"https:\/\/lluistejeroarquitectos.com\/en\/wp-json\/wp\/v2\/media?parent=3123"}],"wp:term":[{"taxonomy":"category","embeddable":true,"href":"https:\/\/lluistejeroarquitectos.com\/en\/wp-json\/wp\/v2\/categories?post=3123"},{"taxonomy":"post_tag","embeddable":true,"href":"https:\/\/lluistejeroarquitectos.com\/en\/wp-json\/wp\/v2\/tags?post=3123"}],"curies":[{"name":"wp","href":"https:\/\/api.w.org\/{rel}","templated":true}]}}